{"id":384059,"date":"2025-08-20T17:04:25","date_gmt":"2025-08-20T15:04:25","guid":{"rendered":"https:\/\/www.radioluna.it\/news\/?p=384059"},"modified":"2025-08-20T17:04:25","modified_gmt":"2025-08-20T15:04:25","slug":"gaeta-messa-in-memoria-di-franco-perlino-e-corteo-contro-la-violenza","status":"publish","type":"post","link":"https:\/\/www.radioluna.it\/news\/2025\/08\/gaeta-messa-in-memoria-di-franco-perlino-e-corteo-contro-la-violenza\/","title":{"rendered":"Gaeta, messa in memoria di Franco Perlino e corteo contro la violenza"},"content":{"rendered":"<div id=\"fb-root\"><\/div>\n<p style=\"text-align: justify;\" data-start=\"189\" data-end=\"447\">Gioved\u00ec 21 agosto la citt\u00e0 di Gaeta si stringer\u00e0 attorno alla memoria del signor Franco Perlino, l\u201982enne morto nei giorni scorsi in seguito a una spinta subita durante una lite per motivi di precedenza nell\u2019area parcheggio ex Avir. Accogliendo la volont\u00e0 della famiglia e le numerose richieste giunte dalla cittadinanza, l\u2019amministrazione comunale \u2013 di concerto con la Parrocchia di San Paolo Apostolo \u2013 ha organizzato una messa di suffragio che sar\u00e0 celebrata alle ore 19.00. Al termine della funzione, i partecipanti si muoveranno in corteo da via Cagliari verso il parcheggio ex Avir, luogo dell\u2019aggressione, dove \u00e8 previsto un momento di raccoglimento accompagnato da alcuni interventi istituzionali.\u00a0Alle 20.30 si terr\u00e0 inoltre un gesto simbolico fortemente condiviso: lo spegnimento, per cinque minuti, delle luci di alcuni dei monumenti pi\u00f9 rappresentativi della citt\u00e0, tra cui Palazzo Comunale, Torre Civica, Fontana di San Francesco, Campanile del Duomo, Tempio di San Francesco, Corso Cavour, Castello Aragonese, Monumento ai Sommergibilisti, Base POL\/NATO e sede della Guardia Costiera.<\/p>\n<p style=\"text-align: justify;\" data-start=\"1324\" data-end=\"1592\">L\u2019appello a partecipare, esteso anche a residenti, commercianti, turisti, autorit\u00e0 civili, religiose e militari, invita tutti \u2013 incluse abitazioni private e attivit\u00e0 commerciali \u2013 a spegnere simbolicamente le luci per dire con forza \u201cbasta\u201d a ogni forma di violenza.<\/p>\n","protected":false},"excerpt":{"rendered":"<p>Gioved\u00ec 21 agosto la citt\u00e0 di Gaeta si stringer\u00e0 attorno alla memoria del signor Franco Perlino, l\u201982enne morto nei giorni scorsi in seguito a una spinta subita durante una lite per motivi di precedenza nell\u2019area parcheggio ex Avir. Accogliendo la volont\u00e0 della famiglia e le numerose richieste giunte dalla cittadinanza, l\u2019amministrazione comunale \u2013 di concerto [&hellip;]<\/p>\n","protected":false},"author":5443,"featured_media":384060,"comment_status":"open","ping_status":"open","sticky":false,"template":"","format":"standard","meta":{"footnotes":""},"categories":[7,2428],"tags":[],"class_list":["post-384059","post","type-post","status-publish","format-standard","has-post-thumbnail","hentry","category-cronaca","category-primo-piano"],"_links":{"self":[{"href":"https:\/\/www.radioluna.it\/news\/wp-json\/wp\/v2\/posts\/384059","targetHints":{"allow":["GET"]}}],"collection":[{"href":"https:\/\/www.radioluna.it\/news\/wp-json\/wp\/v2\/posts"}],"about":[{"href":"https:\/\/www.radioluna.it\/news\/wp-json\/wp\/v2\/types\/post"}],"author":[{"embeddable":true,"href":"https:\/\/www.radioluna.it\/news\/wp-json\/wp\/v2\/users\/5443"}],"replies":[{"embeddable":true,"href":"https:\/\/www.radioluna.it\/news\/wp-json\/wp\/v2\/comments?post=384059"}],"version-history":[{"count":1,"href":"https:\/\/www.radioluna.it\/news\/wp-json\/wp\/v2\/posts\/384059\/revisions"}],"predecessor-version":[{"id":384061,"href":"https:\/\/www.radioluna.it\/news\/wp-json\/wp\/v2\/posts\/384059\/revisions\/384061"}],"wp:featuredmedia":[{"embeddable":true,"href":"https:\/\/www.radioluna.it\/news\/wp-json\/wp\/v2\/media\/384060"}],"wp:attachment":[{"href":"https:\/\/www.radioluna.it\/news\/wp-json\/wp\/v2\/media?parent=384059"}],"wp:term":[{"taxonomy":"category","embeddable":true,"href":"https:\/\/www.radioluna.it\/news\/wp-json\/wp\/v2\/categories?post=384059"},{"taxonomy":"post_tag","embeddable":true,"href":"https:\/\/www.radioluna.it\/news\/wp-json\/wp\/v2\/tags?post=384059"}],"curies":[{"name":"wp","href":"https:\/\/api.w.org\/{rel}","templated":true}]}}