{"id":384177,"date":"2025-08-22T09:17:19","date_gmt":"2025-08-22T07:17:19","guid":{"rendered":"https:\/\/www.radioluna.it\/news\/?p=384177"},"modified":"2025-08-23T07:22:48","modified_gmt":"2025-08-23T05:22:48","slug":"addio-a-sandro-pucci-ex-sindaco-di-maenza","status":"publish","type":"post","link":"https:\/\/www.radioluna.it\/news\/2025\/08\/addio-a-sandro-pucci-ex-sindaco-di-maenza\/","title":{"rendered":"Addio a Sandro Pucci, ex sindaco di Maenza"},"content":{"rendered":"<div id=\"fb-root\"><\/div>\n<p style=\"text-align: justify;\">La comunit\u00e0 di Maenza \u00e8 in lutto per la scomparsa improvvisa dell\u2019ex sindaco Sandro Pucci. Il Consiglio Comunale si unisce al dolore della famiglia e della comunit\u00e0 per la perdita dello storico e ricercatore intellettuale di grande valore e dedizione. \u201cLa sua eredit\u00e0 di impegno e passione per la nostra citt\u00e0 rester\u00e0 sempre con noi\u201d si legge in un post ufficiale su Facebook. I funerali si terranno oggi alle 17:30 a Maenza nella parrocchia di Santa Maria Assunta in Cielo.<\/p>\n<div class=\"radio-posizionamento-telefono-in-articoli-dopo-il-contenuto-articolo radio-entity-placement\" id=\"radio-2797797945\"><div id=\"radio-563225168\"><a href=\"https:\/\/www.simeoneceramiche.com\/\" aria-label=\"SIMEONE CERAMICHE GIF animata per radioluna_Tavola disegno 1 copia 2 (online-video-cutter.com)\"><img loading=\"lazy\" decoding=\"async\" src=\"https:\/\/www.radioluna.it\/news\/wp-content\/uploads\/2025\/05\/SIMEONE-CERAMICHE-GIF-animata-per-radioluna_Tavola-disegno-1-copia-2-online-video-cutter.com_.gif\" alt=\"\"  width=\"300\" height=\"250\"   \/><\/a><\/div><\/div>","protected":false},"excerpt":{"rendered":"<p>La comunit\u00e0 di Maenza \u00e8 in lutto per la scomparsa improvvisa dell\u2019ex sindaco Sandro Pucci. Il Consiglio Comunale si unisce al dolore della famiglia e della comunit\u00e0 per la perdita dello storico e ricercatore intellettuale di grande valore e dedizione. \u201cLa sua eredit\u00e0 di impegno e passione per la nostra citt\u00e0 rester\u00e0 sempre con noi\u201d [&hellip;]<\/p>\n","protected":false},"author":5443,"featured_media":384178,"comment_status":"open","ping_status":"open","sticky":false,"template":"","format":"standard","meta":{"footnotes":""},"categories":[7],"tags":[],"class_list":["post-384177","post","type-post","status-publish","format-standard","has-post-thumbnail","hentry","category-cronaca"],"_links":{"self":[{"href":"https:\/\/www.radioluna.it\/news\/wp-json\/wp\/v2\/posts\/384177","targetHints":{"allow":["GET"]}}],"collection":[{"href":"https:\/\/www.radioluna.it\/news\/wp-json\/wp\/v2\/posts"}],"about":[{"href":"https:\/\/www.radioluna.it\/news\/wp-json\/wp\/v2\/types\/post"}],"author":[{"embeddable":true,"href":"https:\/\/www.radioluna.it\/news\/wp-json\/wp\/v2\/users\/5443"}],"replies":[{"embeddable":true,"href":"https:\/\/www.radioluna.it\/news\/wp-json\/wp\/v2\/comments?post=384177"}],"version-history":[{"count":1,"href":"https:\/\/www.radioluna.it\/news\/wp-json\/wp\/v2\/posts\/384177\/revisions"}],"predecessor-version":[{"id":384179,"href":"https:\/\/www.radioluna.it\/news\/wp-json\/wp\/v2\/posts\/384177\/revisions\/384179"}],"wp:featuredmedia":[{"embeddable":true,"href":"https:\/\/www.radioluna.it\/news\/wp-json\/wp\/v2\/media\/384178"}],"wp:attachment":[{"href":"https:\/\/www.radioluna.it\/news\/wp-json\/wp\/v2\/media?parent=384177"}],"wp:term":[{"taxonomy":"category","embeddable":true,"href":"https:\/\/www.radioluna.it\/news\/wp-json\/wp\/v2\/categories?post=384177"},{"taxonomy":"post_tag","embeddable":true,"href":"https:\/\/www.radioluna.it\/news\/wp-json\/wp\/v2\/tags?post=384177"}],"curies":[{"name":"wp","href":"https:\/\/api.w.org\/{rel}","templated":true}]}}