{"id":384482,"date":"2025-08-26T09:46:48","date_gmt":"2025-08-26T07:46:48","guid":{"rendered":"https:\/\/www.radioluna.it\/news\/?p=384482"},"modified":"2025-08-29T14:00:17","modified_gmt":"2025-08-29T12:00:17","slug":"ss148-pontina-tra-le-arterie-piu-congestionate-del-lazio-i-numeri-di-anas","status":"publish","type":"post","link":"https:\/\/www.radioluna.it\/news\/2025\/08\/ss148-pontina-tra-le-arterie-piu-congestionate-del-lazio-i-numeri-di-anas\/","title":{"rendered":"SS148 Pontina tra le arterie pi\u00f9 congestionate del Lazio: i numeri di Anas"},"content":{"rendered":"<div id=\"fb-root\"><\/div>\n<p style=\"text-align: justify;\">Senza troppe sorprese la SS148 Pontina si \u00e8 confermata tra le arterie pi\u00f9 congestionate del Lazio, con numeri da record durante il controesodo estivo. Tra venerd\u00ec 22 e domenica 24 agosto, la strada ha registrato flussi intensi: oltre 146 mila veicoli all\u2019altezza di Roma, 70.168 a Latina e 42.187 a Sabaudia. I dati provengono dai sistemi di rilevamento automatico installati lungo il tracciato, spesso confusi dagli automobilisti con autovelox: non misurano la velocit\u00e0, ma si limitano a contare i passaggi. Il traffico di venerd\u00ec ha segnato un +7,1% rispetto al weekend di Ferragosto, sabato \u00e8 rimasto stabile (+0,4%), mentre domenica ha registrato un lieve incremento dei flussi notturni. Il monitoraggio e la gestione da parte di Anas e forze dell\u2019ordine hanno consentito di mantenere la viabilit\u00e0 piuttosto regolare, ma il trend in aumento e i costanti incidenti stradali confermano la necessit\u00e0 di interventi strutturali sull\u2019arteria ormai cronicamente congestionata nei periodi di punta.<\/p>\n<div class=\"radio-posizionamento-telefono-in-articoli-dopo-il-contenuto-articolo radio-entity-placement\" id=\"radio-1113719028\"><div id=\"radio-1118400492\"><a href=\"https:\/\/www.simeoneceramiche.com\/\" aria-label=\"SIMEONE CERAMICHE GIF animata per radioluna_Tavola disegno 1 copia 2 (online-video-cutter.com)\"><img loading=\"lazy\" decoding=\"async\" src=\"https:\/\/www.radioluna.it\/news\/wp-content\/uploads\/2025\/05\/SIMEONE-CERAMICHE-GIF-animata-per-radioluna_Tavola-disegno-1-copia-2-online-video-cutter.com_.gif\" alt=\"\"  width=\"300\" height=\"250\"   \/><\/a><\/div><\/div>","protected":false},"excerpt":{"rendered":"<p>Senza troppe sorprese la SS148 Pontina si \u00e8 confermata tra le arterie pi\u00f9 congestionate del Lazio, con numeri da record durante il controesodo estivo. Tra venerd\u00ec 22 e domenica 24 agosto, la strada ha registrato flussi intensi: oltre 146 mila veicoli all\u2019altezza di Roma, 70.168 a Latina e 42.187 a Sabaudia. I dati provengono dai [&hellip;]<\/p>\n","protected":false},"author":5443,"featured_media":352115,"comment_status":"open","ping_status":"open","sticky":false,"template":"","format":"standard","meta":{"footnotes":""},"categories":[7],"tags":[],"class_list":["post-384482","post","type-post","status-publish","format-standard","has-post-thumbnail","hentry","category-cronaca"],"_links":{"self":[{"href":"https:\/\/www.radioluna.it\/news\/wp-json\/wp\/v2\/posts\/384482","targetHints":{"allow":["GET"]}}],"collection":[{"href":"https:\/\/www.radioluna.it\/news\/wp-json\/wp\/v2\/posts"}],"about":[{"href":"https:\/\/www.radioluna.it\/news\/wp-json\/wp\/v2\/types\/post"}],"author":[{"embeddable":true,"href":"https:\/\/www.radioluna.it\/news\/wp-json\/wp\/v2\/users\/5443"}],"replies":[{"embeddable":true,"href":"https:\/\/www.radioluna.it\/news\/wp-json\/wp\/v2\/comments?post=384482"}],"version-history":[{"count":1,"href":"https:\/\/www.radioluna.it\/news\/wp-json\/wp\/v2\/posts\/384482\/revisions"}],"predecessor-version":[{"id":384483,"href":"https:\/\/www.radioluna.it\/news\/wp-json\/wp\/v2\/posts\/384482\/revisions\/384483"}],"wp:featuredmedia":[{"embeddable":true,"href":"https:\/\/www.radioluna.it\/news\/wp-json\/wp\/v2\/media\/352115"}],"wp:attachment":[{"href":"https:\/\/www.radioluna.it\/news\/wp-json\/wp\/v2\/media?parent=384482"}],"wp:term":[{"taxonomy":"category","embeddable":true,"href":"https:\/\/www.radioluna.it\/news\/wp-json\/wp\/v2\/categories?post=384482"},{"taxonomy":"post_tag","embeddable":true,"href":"https:\/\/www.radioluna.it\/news\/wp-json\/wp\/v2\/tags?post=384482"}],"curies":[{"name":"wp","href":"https:\/\/api.w.org\/{rel}","templated":true}]}}