{"id":384727,"date":"2025-08-29T18:09:59","date_gmt":"2025-08-29T16:09:59","guid":{"rendered":"https:\/\/www.radioluna.it\/news\/?p=384727"},"modified":"2025-08-29T18:20:30","modified_gmt":"2025-08-29T16:20:30","slug":"la-benacquista-latina-basket-al-quadrangolare-di-chiusi","status":"publish","type":"post","link":"https:\/\/www.radioluna.it\/news\/2025\/08\/la-benacquista-latina-basket-al-quadrangolare-di-chiusi\/","title":{"rendered":"La Benacquista Latina Basket al quadrangolare di Chiusi"},"content":{"rendered":"<div id=\"fb-root\"><\/div>\n<p style=\"text-align: justify;\"><strong>LATINA &#8211;<\/strong> La Benacquista Assicurazioni Latina Basket sar\u00e0 impegnata nel weekend di sabato 30 e domenica 31 agosto all\u2019Estra Forum, in occasione del torneo quadrangolare organizzato dalla San Giobbe Chiusi Basket. A prendere parte all\u2019evento anche Virtus Roma 1960 e Janus Fabriano Basket: tutte formazioni che faranno parte del Girone B del Campionato di Serie B Nazionale.<\/p>\n<p style=\"text-align: justify;\">Per la squadra nerazzurra si tratta della seconda uscita ufficiale in vista della nuova\u00a0stagione, attualmente in fase di preparazione dal principio di agosto e che terminer\u00e0 il prossimo 21 settembre, giorno d\u2019inizio della regular season.<\/p>\n<p style=\"text-align: justify;\">&#8220;Il torneo\u00a0 &#8211; si legge in una nota dal Club &#8211; rappresenta un\u2019opportunit\u00e0 preziosa per testare il livello di gioco raggiunto dopo le prime settimane di allenamento, valutare il lavoro svolto e iniziare ad amalgamare il gruppo, anche in vista dell\u2019inserimento del lungo straniero Marko Bakovic, giunto da pochi giorni a Latina. Il giocatore, completate le visite mediche, sar\u00e0 presto a disposizione dello staff tecnico pontino. Oltre al valore tecnico, il torneo anticipa anche un primo assaggio di campionato: la Benacquista affronter\u00e0 infatti nella prima giornata ufficiale proprio la Janus Fabriano, sul campo marchigiano. Un incrocio che render\u00e0 ancora pi\u00f9 interessante la sfida di Chiusi&#8221;.<\/p>\n<p style=\"text-align: justify;\">La gara di sabato 30 sar\u00e0 trasmessa in diretta Facebook, per domenica \u00e8 in fase di definizione.<\/p>\n<p style=\"text-align: justify;\">\n","protected":false},"excerpt":{"rendered":"<p>LATINA &#8211; La Benacquista Assicurazioni Latina Basket sar\u00e0 impegnata nel weekend di sabato 30 e domenica 31 agosto all\u2019Estra Forum, in occasione del torneo quadrangolare organizzato dalla San Giobbe Chiusi Basket. A prendere parte all\u2019evento anche Virtus Roma 1960 e Janus Fabriano Basket: tutte formazioni che faranno parte del Girone B del Campionato di Serie [&hellip;]<\/p>\n","protected":false},"author":5430,"featured_media":384728,"comment_status":"open","ping_status":"open","sticky":false,"template":"","format":"standard","meta":{"footnotes":""},"categories":[734,17],"tags":[],"class_list":["post-384727","post","type-post","status-publish","format-standard","has-post-thumbnail","hentry","category-evidenza","category-sport"],"_links":{"self":[{"href":"https:\/\/www.radioluna.it\/news\/wp-json\/wp\/v2\/posts\/384727","targetHints":{"allow":["GET"]}}],"collection":[{"href":"https:\/\/www.radioluna.it\/news\/wp-json\/wp\/v2\/posts"}],"about":[{"href":"https:\/\/www.radioluna.it\/news\/wp-json\/wp\/v2\/types\/post"}],"author":[{"embeddable":true,"href":"https:\/\/www.radioluna.it\/news\/wp-json\/wp\/v2\/users\/5430"}],"replies":[{"embeddable":true,"href":"https:\/\/www.radioluna.it\/news\/wp-json\/wp\/v2\/comments?post=384727"}],"version-history":[{"count":2,"href":"https:\/\/www.radioluna.it\/news\/wp-json\/wp\/v2\/posts\/384727\/revisions"}],"predecessor-version":[{"id":384731,"href":"https:\/\/www.radioluna.it\/news\/wp-json\/wp\/v2\/posts\/384727\/revisions\/384731"}],"wp:featuredmedia":[{"embeddable":true,"href":"https:\/\/www.radioluna.it\/news\/wp-json\/wp\/v2\/media\/384728"}],"wp:attachment":[{"href":"https:\/\/www.radioluna.it\/news\/wp-json\/wp\/v2\/media?parent=384727"}],"wp:term":[{"taxonomy":"category","embeddable":true,"href":"https:\/\/www.radioluna.it\/news\/wp-json\/wp\/v2\/categories?post=384727"},{"taxonomy":"post_tag","embeddable":true,"href":"https:\/\/www.radioluna.it\/news\/wp-json\/wp\/v2\/tags?post=384727"}],"curies":[{"name":"wp","href":"https:\/\/api.w.org\/{rel}","templated":true}]}}