{"id":386559,"date":"2025-09-24T08:22:57","date_gmt":"2025-09-24T06:22:57","guid":{"rendered":"https:\/\/www.radioluna.it\/news\/?p=386559"},"modified":"2025-09-24T08:22:57","modified_gmt":"2025-09-24T06:22:57","slug":"il-latina-affronta-la-cavese-nella-sesta-giornata-di-serie-c","status":"publish","type":"post","link":"https:\/\/www.radioluna.it\/news\/2025\/09\/il-latina-affronta-la-cavese-nella-sesta-giornata-di-serie-c\/","title":{"rendered":"Il Latina affronta la Cavese nella sesta giornata di serie C"},"content":{"rendered":"<div id=\"fb-root\"><\/div>\n<p><iframe loading=\"lazy\" title=\"Mister Bruno presenta Cavese - Latina\" width=\"740\" height=\"416\" src=\"https:\/\/www.youtube.com\/embed\/La4WvQ_8nM8?feature=oembed\" frameborder=\"0\" allow=\"accelerometer; autoplay; clipboard-write; encrypted-media; gyroscope; picture-in-picture; web-share\" referrerpolicy=\"strict-origin-when-cross-origin\" allowfullscreen><\/iframe><\/p>\n<p style=\"text-align: justify;\"><strong>LATINA<\/strong> &#8211; Il Latina torna in campo oggi, mercoled\u00ec 24 settembre, per la sesta giornata di serie C, in casa della Cavese.\u00a0 I nerazzurri, con quattro punti conquistati fino ad ora,\u00a0 vogliono voltare pagina subito e, nonostante le fibrillazioni\u00a0 in casa nerazzurra, mister Alessandro Bruno si dice tranquillo: &#8220;Siamo qui per lavorare&#8221;, spiega nella conferenza stampa che si \u00e8 tenuta marted\u00ec al Francioni. Secondo il tecnico la squadra \u00e8 ancora giovane e serve pazienza.<\/p>\n<p style=\"text-align: justify;\">Al Simonetta Lamberti di Cava dei Tirreni (alle 18,30) i nerazzurri cercheranno di invertire il trend e conquistare la prima vittoria esterna della stagione.<\/p>\n<audio class=\"wp-audio-shortcode\" id=\"audio-386559-1\" preload=\"none\" style=\"width: 100%;\" controls=\"controls\"><source type=\"audio\/mpeg\" src=\"https:\/\/www.radioluna.it\/news\/wp-content\/uploads\/2025\/09\/mister-bruno-Cavese.mp3?_=1\" \/><a href=\"https:\/\/www.radioluna.it\/news\/wp-content\/uploads\/2025\/09\/mister-bruno-Cavese.mp3\">https:\/\/www.radioluna.it\/news\/wp-content\/uploads\/2025\/09\/mister-bruno-Cavese.mp3<\/a><\/audio>\n<p>&nbsp;<\/p>\n","protected":false},"excerpt":{"rendered":"<p>LATINA &#8211; Il Latina torna in campo oggi, mercoled\u00ec 24 settembre, per la sesta giornata di serie C, in casa della Cavese.\u00a0 I nerazzurri, con quattro punti conquistati fino ad ora,\u00a0 vogliono voltare pagina subito e, nonostante le fibrillazioni\u00a0 in casa nerazzurra, mister Alessandro Bruno si dice tranquillo: &#8220;Siamo qui per lavorare&#8221;, spiega nella conferenza [&hellip;]<\/p>\n","protected":false},"author":5430,"featured_media":374649,"comment_status":"open","ping_status":"open","sticky":false,"template":"","format":"standard","meta":{"footnotes":""},"categories":[2310,734,17,2312],"tags":[],"class_list":["post-386559","post","type-post","status-publish","format-standard","has-post-thumbnail","hentry","category-audio","category-evidenza","category-sport","category-video"],"_links":{"self":[{"href":"https:\/\/www.radioluna.it\/news\/wp-json\/wp\/v2\/posts\/386559","targetHints":{"allow":["GET"]}}],"collection":[{"href":"https:\/\/www.radioluna.it\/news\/wp-json\/wp\/v2\/posts"}],"about":[{"href":"https:\/\/www.radioluna.it\/news\/wp-json\/wp\/v2\/types\/post"}],"author":[{"embeddable":true,"href":"https:\/\/www.radioluna.it\/news\/wp-json\/wp\/v2\/users\/5430"}],"replies":[{"embeddable":true,"href":"https:\/\/www.radioluna.it\/news\/wp-json\/wp\/v2\/comments?post=386559"}],"version-history":[{"count":1,"href":"https:\/\/www.radioluna.it\/news\/wp-json\/wp\/v2\/posts\/386559\/revisions"}],"predecessor-version":[{"id":386564,"href":"https:\/\/www.radioluna.it\/news\/wp-json\/wp\/v2\/posts\/386559\/revisions\/386564"}],"wp:featuredmedia":[{"embeddable":true,"href":"https:\/\/www.radioluna.it\/news\/wp-json\/wp\/v2\/media\/374649"}],"wp:attachment":[{"href":"https:\/\/www.radioluna.it\/news\/wp-json\/wp\/v2\/media?parent=386559"}],"wp:term":[{"taxonomy":"category","embeddable":true,"href":"https:\/\/www.radioluna.it\/news\/wp-json\/wp\/v2\/categories?post=386559"},{"taxonomy":"post_tag","embeddable":true,"href":"https:\/\/www.radioluna.it\/news\/wp-json\/wp\/v2\/tags?post=386559"}],"curies":[{"name":"wp","href":"https:\/\/api.w.org\/{rel}","templated":true}]}}