{"id":387206,"date":"2025-10-02T16:02:05","date_gmt":"2025-10-02T14:02:05","guid":{"rendered":"https:\/\/www.radioluna.it\/news\/?p=387206"},"modified":"2025-10-02T16:02:05","modified_gmt":"2025-10-02T14:02:05","slug":"il-canile-di-latina-cerca-una-famiglia-per-isabella","status":"publish","type":"post","link":"https:\/\/www.radioluna.it\/news\/2025\/10\/il-canile-di-latina-cerca-una-famiglia-per-isabella\/","title":{"rendered":"Il canile di Latina cerca una famiglia per Isabella"},"content":{"rendered":"<div id=\"fb-root\"><\/div>\n<p><strong>LATINA &#8211; &#8220;<\/strong>Un altro bellissimo fiorellino delicato \u00e8 sbocciato in canile. Isabella \u00e8 una cucciolotta pazzesca, mozzafiato, meravigliosa di 2 mesi. Dolce e affettuosa, vivace e allegra come tutti i cuccioli Sar\u00e0 una taglia medio contenuta sui 12-13 kg da adulta. La mamma \u00e8 un incrocio segugio di taglia medio contenuta, pap\u00e0 ignoto&#8221;. L&#8217;appello arriva dalla Odv Amici del Cane di Latina che gestisce la struttura pubblica.<\/p>\n<p>Isabella sar\u00e0 affidata se tenuta in casa e si dar\u00e0 la precedenza ad adozioni in zona. Sar\u00e0 chippata, vaccinata, spulciata e sverminata, con obbligo di sterlizzazione e solito iter di adozione (controlli pre e post affido).<\/p>\n<p>Per adottarla scrivete al numero whatsapp 338 173 2126 con una breve presentazione SOLO SE REALMENTE INTERESSATI (NO CHIAMATE)<\/p>\n","protected":false},"excerpt":{"rendered":"<p>LATINA &#8211; &#8220;Un altro bellissimo fiorellino delicato \u00e8 sbocciato in canile. Isabella \u00e8 una cucciolotta pazzesca, mozzafiato, meravigliosa di 2 mesi. Dolce e affettuosa, vivace e allegra come tutti i cuccioli Sar\u00e0 una taglia medio contenuta sui 12-13 kg da adulta. La mamma \u00e8 un incrocio segugio di taglia medio contenuta, pap\u00e0 ignoto&#8221;. L&#8217;appello arriva [&hellip;]<\/p>\n","protected":false},"author":60,"featured_media":387207,"comment_status":"open","ping_status":"open","sticky":false,"template":"","format":"standard","meta":{"footnotes":""},"categories":[2239],"tags":[],"class_list":["post-387206","post","type-post","status-publish","format-standard","has-post-thumbnail","hentry","category-amiciaquattrozampe"],"_links":{"self":[{"href":"https:\/\/www.radioluna.it\/news\/wp-json\/wp\/v2\/posts\/387206","targetHints":{"allow":["GET"]}}],"collection":[{"href":"https:\/\/www.radioluna.it\/news\/wp-json\/wp\/v2\/posts"}],"about":[{"href":"https:\/\/www.radioluna.it\/news\/wp-json\/wp\/v2\/types\/post"}],"author":[{"embeddable":true,"href":"https:\/\/www.radioluna.it\/news\/wp-json\/wp\/v2\/users\/60"}],"replies":[{"embeddable":true,"href":"https:\/\/www.radioluna.it\/news\/wp-json\/wp\/v2\/comments?post=387206"}],"version-history":[{"count":1,"href":"https:\/\/www.radioluna.it\/news\/wp-json\/wp\/v2\/posts\/387206\/revisions"}],"predecessor-version":[{"id":387208,"href":"https:\/\/www.radioluna.it\/news\/wp-json\/wp\/v2\/posts\/387206\/revisions\/387208"}],"wp:featuredmedia":[{"embeddable":true,"href":"https:\/\/www.radioluna.it\/news\/wp-json\/wp\/v2\/media\/387207"}],"wp:attachment":[{"href":"https:\/\/www.radioluna.it\/news\/wp-json\/wp\/v2\/media?parent=387206"}],"wp:term":[{"taxonomy":"category","embeddable":true,"href":"https:\/\/www.radioluna.it\/news\/wp-json\/wp\/v2\/categories?post=387206"},{"taxonomy":"post_tag","embeddable":true,"href":"https:\/\/www.radioluna.it\/news\/wp-json\/wp\/v2\/tags?post=387206"}],"curies":[{"name":"wp","href":"https:\/\/api.w.org\/{rel}","templated":true}]}}