{"id":388785,"date":"2025-10-24T09:29:03","date_gmt":"2025-10-24T07:29:03","guid":{"rendered":"https:\/\/www.radioluna.it\/news\/?p=388785"},"modified":"2025-10-24T09:29:03","modified_gmt":"2025-10-24T07:29:03","slug":"fondi-la-ciclopedalata-al-lago-chiude-la-settimana-europea-dello-sport","status":"publish","type":"post","link":"https:\/\/www.radioluna.it\/news\/2025\/10\/fondi-la-ciclopedalata-al-lago-chiude-la-settimana-europea-dello-sport\/","title":{"rendered":"Fondi, la ciclopedalata al Lago chiude la Settimana Europea dello Sport"},"content":{"rendered":"<div id=\"fb-root\"><\/div>\n<p style=\"text-align: justify;\" data-start=\"269\" data-end=\"778\">Si chiude con un bilancio estremamente positivo la <strong data-start=\"320\" data-end=\"353\">Settimana Europea dello Sport<\/strong> organizzata dal <strong data-start=\"370\" data-end=\"389\">Comune di Fondi<\/strong>, che quest\u2019anno si \u00e8 estesa per quasi un mese con attivit\u00e0 gratuite e incontri dedicati a discipline diverse. Tra gli appuntamenti pi\u00f9 seguiti, l\u2019incontro del <strong data-start=\"549\" data-end=\"563\">16 ottobre<\/strong> in occasione della <strong data-start=\"583\" data-end=\"623\">Giornata Mondiale dell\u2019Alimentazione<\/strong>, che ha visto protagonista la dottoressa <strong data-start=\"665\" data-end=\"682\">Giulia Biondi<\/strong>, biologa nutrizionista, autrice e content creator seguita da oltre mezzo milione di follower.<\/p>\n<p style=\"text-align: justify;\" data-start=\"780\" data-end=\"1264\">L\u2019evento, rivolto agli studenti, ha registrato una grande partecipazione e numerosi interventi da parte dei ragazzi, che hanno dialogato attivamente con l\u2019esperta su temi legati all\u2019alimentazione consapevole e alla salute. \u00abOgni evento \u00e8 stato straordinario per motivi diversi \u2013 ha commentato l\u2019assessore allo Sport <strong data-start=\"1098\" data-end=\"1117\">Fabrizio Macaro<\/strong> \u2013 ma l\u2019incontro con Giulia Biondi ha davvero colpito nel segno. Gli studenti hanno mostrato curiosit\u00e0, partecipazione e voglia di approfondire\u00bb. \u00abGiulia Biondi \u00e8 riuscita ad arrivare ai ragazzi con semplicit\u00e0 e competenza \u2013 ha aggiunto il sindaco <strong data-start=\"1705\" data-end=\"1729\">Beniamino Maschietto<\/strong> \u2013. \u00c8 il terzo anno consecutivo che la ospitiamo, segno dell\u2019attenzione che Fondi dedica a un tema fondamentale come l\u2019alimentazione\u00bb.<\/p>\n<p style=\"text-align: justify;\" data-start=\"1867\" data-end=\"2358\">L\u2019ultimo appuntamento della Settimana Europea dello Sport sar\u00e0 la <strong data-start=\"1933\" data-end=\"1967\">ciclopedalata al Lago di Fondi<\/strong>, rinviata al <strong data-start=\"1981\" data-end=\"1995\">2 novembre<\/strong> a causa del maltempo. Il ritrovo \u00e8 fissato alle <strong data-start=\"2044\" data-end=\"2073\">9:30 in Piazza De Gasperi<\/strong>, con partenza verso il <strong data-start=\"2097\" data-end=\"2120\">Raddotto Canoa Club<\/strong>. Il percorso di 20 chilometri, adatto a tutti, potr\u00e0 essere affrontato anche con le biciclette messe a disposizione gratuitamente dal Comune. L\u2019iniziativa \u00e8 patrocinata dal <strong data-start=\"2294\" data-end=\"2355\">Parco naturale regionale dei Monti Ausoni e Lago di Fondi<\/strong>.<\/p>\n<div class=\"radio-posizionamento-telefono-in-articoli-dopo-il-contenuto-articolo radio-entity-placement\" id=\"radio-2177402727\"><div id=\"radio-2329537331\"><a href=\"https:\/\/grupporedi.it\/\" aria-label=\"Redi-Qr\"><img loading=\"lazy\" decoding=\"async\" src=\"https:\/\/www.radioluna.it\/news\/wp-content\/uploads\/2026\/03\/Redi-Qr.jpg\" alt=\"\"  srcset=\"https:\/\/www.radioluna.it\/news\/wp-content\/uploads\/2026\/03\/Redi-Qr.jpg 800w, https:\/\/www.radioluna.it\/news\/wp-content\/uploads\/2026\/03\/Redi-Qr-768x639.jpg 768w\" sizes=\"(max-width: 800px) 100vw, 800px\" width=\"300\" height=\"250\"   \/><\/a><\/div><\/div>","protected":false},"excerpt":{"rendered":"<p>Si chiude con un bilancio estremamente positivo la Settimana Europea dello Sport organizzata dal Comune di Fondi, che quest\u2019anno si \u00e8 estesa per quasi un mese con attivit\u00e0 gratuite e incontri dedicati a discipline diverse. Tra gli appuntamenti pi\u00f9 seguiti, l\u2019incontro del 16 ottobre in occasione della Giornata Mondiale dell\u2019Alimentazione, che ha visto protagonista la [&hellip;]<\/p>\n","protected":false},"author":5443,"featured_media":388786,"comment_status":"open","ping_status":"open","sticky":false,"template":"","format":"standard","meta":{"footnotes":""},"categories":[16,734],"tags":[],"class_list":["post-388785","post","type-post","status-publish","format-standard","has-post-thumbnail","hentry","category-appuntamenti","category-evidenza"],"_links":{"self":[{"href":"https:\/\/www.radioluna.it\/news\/wp-json\/wp\/v2\/posts\/388785","targetHints":{"allow":["GET"]}}],"collection":[{"href":"https:\/\/www.radioluna.it\/news\/wp-json\/wp\/v2\/posts"}],"about":[{"href":"https:\/\/www.radioluna.it\/news\/wp-json\/wp\/v2\/types\/post"}],"author":[{"embeddable":true,"href":"https:\/\/www.radioluna.it\/news\/wp-json\/wp\/v2\/users\/5443"}],"replies":[{"embeddable":true,"href":"https:\/\/www.radioluna.it\/news\/wp-json\/wp\/v2\/comments?post=388785"}],"version-history":[{"count":1,"href":"https:\/\/www.radioluna.it\/news\/wp-json\/wp\/v2\/posts\/388785\/revisions"}],"predecessor-version":[{"id":388787,"href":"https:\/\/www.radioluna.it\/news\/wp-json\/wp\/v2\/posts\/388785\/revisions\/388787"}],"wp:featuredmedia":[{"embeddable":true,"href":"https:\/\/www.radioluna.it\/news\/wp-json\/wp\/v2\/media\/388786"}],"wp:attachment":[{"href":"https:\/\/www.radioluna.it\/news\/wp-json\/wp\/v2\/media?parent=388785"}],"wp:term":[{"taxonomy":"category","embeddable":true,"href":"https:\/\/www.radioluna.it\/news\/wp-json\/wp\/v2\/categories?post=388785"},{"taxonomy":"post_tag","embeddable":true,"href":"https:\/\/www.radioluna.it\/news\/wp-json\/wp\/v2\/tags?post=388785"}],"curies":[{"name":"wp","href":"https:\/\/api.w.org\/{rel}","templated":true}]}}