{"id":388798,"date":"2025-10-24T11:40:00","date_gmt":"2025-10-24T09:40:00","guid":{"rendered":"https:\/\/www.radioluna.it\/news\/?p=388798"},"modified":"2025-10-24T11:40:00","modified_gmt":"2025-10-24T09:40:00","slug":"keep-clean-and-run-2025-a-sezze-il-26-ottobre","status":"publish","type":"post","link":"https:\/\/www.radioluna.it\/news\/2025\/10\/keep-clean-and-run-2025-a-sezze-il-26-ottobre\/","title":{"rendered":"Keep Clean and Run 2025 a Sezze il 26 Ottobre"},"content":{"rendered":"<div id=\"fb-root\"><\/div>\n<p>SEZZE:\u00a0 La Servizi Pubblici Locali Sezze sar\u00e0 tra i protagonisti dell\u2019undicesima edizione della \u201cKeep Clean and Run\u201d, la grande iniziativa nazionale dedicata alla sensibilizzazione ambientale e alla lotta contro l\u2019abbandono dei rifiuti. L\u2019edizione 2025 si terr\u00e0 dal 25 al 30 ottobre, in sei tappe che percorreranno un tratto della Via Francigena del Sud, portando con s\u00e9 un messaggio chiaro: la cura dell\u2019ambiente comincia da gesti semplici, concreti e condivisi. Nel suo cammino, la carovana della \u201cKeep Clean and Run\u201d far\u00e0 tappa anche a Sezze, domenica 26 ottobre, con arrivo previsto intorno alle 10:30 nel quartiere Fontanelle. Qui la SPL sar\u00e0 presente con la propria isola ecologica itinerante, un\u2019iniziativa che da tempo rappresenta un punto di incontro tra cittadini e operatori per la raccolta differenziata e il corretto conferimento dei rifiuti. L\u2019appuntamento si svolger\u00e0 a ridosso di Parco Harris, che per un giorno diventer\u00e0 il cuore di un\u2019azione collettiva all\u2019insegna del rispetto e della responsabilit\u00e0 ambientale.<\/p>\n<p>A commentare la partecipazione della societ\u00e0 \u00e8 l\u2019amministratore unico Antonio Ottaviani, che sottolinea il valore profondo di questa esperienza: \u201cLa Keep Clean and Run non \u00e8 solo una corsa o una manifestazione: \u00e8 un viaggio che unisce sport, ambiente e comunit\u00e0. Per noi di SPL rappresenta un\u2019occasione preziosa per ribadire quanto sia importante prendersi cura del proprio territorio, ogni giorno, con piccoli ma fondamentali gesti. Partecipare significa dimostrare che il cambiamento \u00e8 possibile solo se ciascuno fa la propria parte. Queste iniziative devono essere da stimolo per migliorare i nostri comportamenti, per rafforzare la collaborazione tra cittadini e istituzioni, e per costruire una citt\u00e0 pi\u00f9 pulita, pi\u00f9 accogliente e pi\u00f9 consapevole\u201d.<\/p>\n<p>L\u2019amministratore unico ha inoltre rivolto un appello ai cittadini: \u201cCogliamo l\u2019occasione per invitare tutti a evitare la spiacevole abitudine di abbandonare i rifiuti ingombranti o creare vere e proprie discariche a cielo aperto. Sono comportamenti che danneggiano non solo l\u2019ambiente, ma anche l\u2019immagine e la vivibilit\u00e0 della nostra citt\u00e0. SPL \u00e8 costantemente impegnata per offrire un servizio efficiente e vicino alle esigenze della comunit\u00e0, anche attraverso le isole ecologiche itineranti, che intendiamo proseguire con continuit\u00e0 su tutto il territorio. Questi appuntamenti rappresentano un\u2019opportunit\u00e0 concreta per conferire correttamente ogni tipo di materiale e per contribuire, insieme, a rendere Sezze un luogo pi\u00f9 decoroso e sostenibile\u201d.<\/p>\n<div class=\"radio-posizionamento-telefono-in-articoli-dopo-il-contenuto-articolo radio-entity-placement\" id=\"radio-1410582281\"><div id=\"radio-484743341\"><a href=\"https:\/\/grupporedi.it\/\" aria-label=\"Redi-Qr\"><img loading=\"lazy\" decoding=\"async\" src=\"https:\/\/www.radioluna.it\/news\/wp-content\/uploads\/2026\/03\/Redi-Qr.jpg\" alt=\"\"  srcset=\"https:\/\/www.radioluna.it\/news\/wp-content\/uploads\/2026\/03\/Redi-Qr.jpg 800w, https:\/\/www.radioluna.it\/news\/wp-content\/uploads\/2026\/03\/Redi-Qr-768x639.jpg 768w\" sizes=\"(max-width: 800px) 100vw, 800px\" width=\"300\" height=\"250\"   \/><\/a><\/div><\/div>","protected":false},"excerpt":{"rendered":"<p>SEZZE:\u00a0 La Servizi Pubblici Locali Sezze sar\u00e0 tra i protagonisti dell\u2019undicesima edizione della \u201cKeep Clean and Run\u201d, la grande iniziativa nazionale dedicata alla sensibilizzazione ambientale e alla lotta contro l\u2019abbandono dei rifiuti. L\u2019edizione 2025 si terr\u00e0 dal 25 al 30 ottobre, in sei tappe che percorreranno un tratto della Via Francigena del Sud, portando con [&hellip;]<\/p>\n","protected":false},"author":5444,"featured_media":388799,"comment_status":"open","ping_status":"open","sticky":false,"template":"","format":"standard","meta":{"footnotes":""},"categories":[12,734],"tags":[],"class_list":["post-388798","post","type-post","status-publish","format-standard","has-post-thumbnail","hentry","category-ambiente","category-evidenza"],"_links":{"self":[{"href":"https:\/\/www.radioluna.it\/news\/wp-json\/wp\/v2\/posts\/388798","targetHints":{"allow":["GET"]}}],"collection":[{"href":"https:\/\/www.radioluna.it\/news\/wp-json\/wp\/v2\/posts"}],"about":[{"href":"https:\/\/www.radioluna.it\/news\/wp-json\/wp\/v2\/types\/post"}],"author":[{"embeddable":true,"href":"https:\/\/www.radioluna.it\/news\/wp-json\/wp\/v2\/users\/5444"}],"replies":[{"embeddable":true,"href":"https:\/\/www.radioluna.it\/news\/wp-json\/wp\/v2\/comments?post=388798"}],"version-history":[{"count":1,"href":"https:\/\/www.radioluna.it\/news\/wp-json\/wp\/v2\/posts\/388798\/revisions"}],"predecessor-version":[{"id":388800,"href":"https:\/\/www.radioluna.it\/news\/wp-json\/wp\/v2\/posts\/388798\/revisions\/388800"}],"wp:featuredmedia":[{"embeddable":true,"href":"https:\/\/www.radioluna.it\/news\/wp-json\/wp\/v2\/media\/388799"}],"wp:attachment":[{"href":"https:\/\/www.radioluna.it\/news\/wp-json\/wp\/v2\/media?parent=388798"}],"wp:term":[{"taxonomy":"category","embeddable":true,"href":"https:\/\/www.radioluna.it\/news\/wp-json\/wp\/v2\/categories?post=388798"},{"taxonomy":"post_tag","embeddable":true,"href":"https:\/\/www.radioluna.it\/news\/wp-json\/wp\/v2\/tags?post=388798"}],"curies":[{"name":"wp","href":"https:\/\/api.w.org\/{rel}","templated":true}]}}