{"id":388953,"date":"2025-10-26T09:27:29","date_gmt":"2025-10-26T08:27:29","guid":{"rendered":"https:\/\/www.radioluna.it\/news\/?p=388953"},"modified":"2025-10-27T06:35:11","modified_gmt":"2025-10-27T05:35:11","slug":"non-possum-lanas-boccia-le-osservazioni-dei-sindaci-di-forma-e-gaeta-sulla-pedemontana","status":"publish","type":"post","link":"https:\/\/www.radioluna.it\/news\/2025\/10\/non-possum-lanas-boccia-le-osservazioni-dei-sindaci-di-forma-e-gaeta-sulla-pedemontana\/","title":{"rendered":"Non Possum: l&#8217;Anas boccia le osservazioni dei sindaci di Forma e Gaeta sulla Pedemontana"},"content":{"rendered":"<div id=\"fb-root\"><\/div>\n<p>Sono state pubblicate sul portale del Ministero dell\u2019Ambiente le controdeduzioni alle osservazioni presentate dai Sindaci di Formia e di Gaeta in merito al progetto <em>S.S. Appia \u2013 variante in comune di Formia<\/em>, meglio conosciuta come pedemontana. In sostanza l\u2019ANAS ribadisce che le osservazioni non possono essere accolte, come gi\u00e0 peraltro manifestato nella prima stesura del progetto.<\/p>\n<p>Quali le ragioni? Per la prima osservazione, l\u2019allungamento del tracciato lato est, in previsione della realizzazione del nuovo ospedale all\u2019ex ENAOLI, comporterebbe un ulteriore consumo di territorio, l\u2019abbattimento di altre case e una minore funzionalit\u00e0 dell\u2019opera, soprattutto legata al diverso schema degli svincoli. A parere di chi scrive appaiono decisamente singolari queste preoccupazioni, perch\u00e9 le criticit\u00e0 che ANAS evidenzia, sono le stesse che permeano abbondantemente tutto il tracciato, dove l\u2019impatto sui terreni coltivati, case, acquiferi e sorgenti \u00e8 ben pi\u00f9 corposo. Considerazioni, queste, gi\u00e0 espresse anche dal Ministero dei Beni Culturali.<\/p>\n<p>Nelle controdeduzioni alla seconda osservazione, circa l\u2019incanalamento della variante nella strada consortile via dell\u2019Agricoltura di Gaeta, l\u2019ANAS ribatte testualmente: \u201c<em>la richiesta non \u00e8 accogliibile nella progettazione, in quanto la previsione di una ulteriore infrastruttura in variante alla strada regionale SR213 nel Comune di Gaeta non rientra nelle competenze di questa Societ\u00e0, andando ad interessare, con interventi di variante ed adeguamento, delle viabilit\u00e0 di altri Enti gestori (provinciale Sant\u2019Agostino, consortile Via dell\u2019Agricoltura, oltre la Strada Regionale 213). <u>Ed inoltre non rientra nelle finalit\u00e0 progettuali e di investimento definite nel citato Contratto di Programma<\/u>.\u201d<\/em><\/p>\n<p>Dunque il contratto non lo prevede e si va avanti lo stesso, malgrado il ritorno del traffico sulla Flacca, alle spalle di Vindicio, sia considerato dalla Regione Lazio, dai Sindaci dei Comuni di Formia e di Gaeta, da numerosi tecnici competenti del territorio, come la massima criticit\u00e0 del tracciato. A questo punto s\u2019impongono almeno un paio di considerazioni:<\/p>\n<ol>\n<li>Mentre si continua a parlare di pedemontana, non si parla pi\u00f9 della viabilit\u00e0 ordinaria e non s\u2019investe un centesimo per opere che potrebbero risolvere l\u2019attraversamento di Formia con una spesa molto pi\u00f9 contenuta e sostenibile, con tempi pi\u00f9 brevi di realizzazione e con minore impatto ambientale.<\/li>\n<li>L\u2019importo richiesto per la realizzazione della pedemontana supera di mezzo miliardo di euro il finanziamento oggi a disposizione (meno di 80 milioni di euro), per cui i tempi di realizzazione sono assai lunghi ed incerti. Il progetto stradale finir\u00e0 per vincolare il territorio per un numero indefinito di anni, con buona pace degli altri interventi infrastrutturali ed edilizi comunali, soprattutto nella parte di territorio sotto Maranola, dove peraltro \u00e8 in corso un piano particolareggiato.<\/li>\n<\/ol>\n<p>Una chiosa finale. \u00a0L\u2019ANAS dopo aver consumato tempi, progetti e denari, piuttosto che proporre soluzioni diverse, finir\u00e0 per lasciare il cerino acceso nelle mani delle amministrazioni del Golfo. Sarebbe ora di fare scelte coraggiose da parte dei Sindaci ma, come diceva don Abbondio, se il coraggio uno non ce l\u2019ha, non pu\u00f2 certo darselo.<\/p>\n<p>Comunit\u00e0 Lazio Meridionale e Isole Pontine &#8211; Associazione Incontri &amp; Confronti \u2013 Comitato per Incolumit\u00e0 Stradale Abitanti Formia \u2013 Comitato Pontone<\/p>\n<p>&nbsp;<\/p>\n","protected":false},"excerpt":{"rendered":"<p>Sono state pubblicate sul portale del Ministero dell\u2019Ambiente le controdeduzioni alle osservazioni presentate dai Sindaci di Formia e di Gaeta in merito al progetto S.S. Appia \u2013 variante in comune di Formia, meglio conosciuta come pedemontana. In sostanza l\u2019ANAS ribadisce che le osservazioni non possono essere accolte, come gi\u00e0 peraltro manifestato nella prima stesura del [&hellip;]<\/p>\n","protected":false},"author":5444,"featured_media":388954,"comment_status":"open","ping_status":"open","sticky":false,"template":"","format":"standard","meta":{"footnotes":""},"categories":[12,2428],"tags":[],"class_list":["post-388953","post","type-post","status-publish","format-standard","has-post-thumbnail","hentry","category-ambiente","category-primo-piano"],"_links":{"self":[{"href":"https:\/\/www.radioluna.it\/news\/wp-json\/wp\/v2\/posts\/388953","targetHints":{"allow":["GET"]}}],"collection":[{"href":"https:\/\/www.radioluna.it\/news\/wp-json\/wp\/v2\/posts"}],"about":[{"href":"https:\/\/www.radioluna.it\/news\/wp-json\/wp\/v2\/types\/post"}],"author":[{"embeddable":true,"href":"https:\/\/www.radioluna.it\/news\/wp-json\/wp\/v2\/users\/5444"}],"replies":[{"embeddable":true,"href":"https:\/\/www.radioluna.it\/news\/wp-json\/wp\/v2\/comments?post=388953"}],"version-history":[{"count":1,"href":"https:\/\/www.radioluna.it\/news\/wp-json\/wp\/v2\/posts\/388953\/revisions"}],"predecessor-version":[{"id":388955,"href":"https:\/\/www.radioluna.it\/news\/wp-json\/wp\/v2\/posts\/388953\/revisions\/388955"}],"wp:featuredmedia":[{"embeddable":true,"href":"https:\/\/www.radioluna.it\/news\/wp-json\/wp\/v2\/media\/388954"}],"wp:attachment":[{"href":"https:\/\/www.radioluna.it\/news\/wp-json\/wp\/v2\/media?parent=388953"}],"wp:term":[{"taxonomy":"category","embeddable":true,"href":"https:\/\/www.radioluna.it\/news\/wp-json\/wp\/v2\/categories?post=388953"},{"taxonomy":"post_tag","embeddable":true,"href":"https:\/\/www.radioluna.it\/news\/wp-json\/wp\/v2\/tags?post=388953"}],"curies":[{"name":"wp","href":"https:\/\/api.w.org\/{rel}","templated":true}]}}