{"id":389409,"date":"2025-11-02T09:10:32","date_gmt":"2025-11-02T08:10:32","guid":{"rendered":"https:\/\/www.radioluna.it\/news\/?p=389409"},"modified":"2025-11-04T16:19:43","modified_gmt":"2025-11-04T15:19:43","slug":"la-marina-di-latina-riparte-cittadini-protagonisti-il-comune-avvia-la-progettazione-integrata","status":"publish","type":"post","link":"https:\/\/www.radioluna.it\/news\/2025\/11\/la-marina-di-latina-riparte-cittadini-protagonisti-il-comune-avvia-la-progettazione-integrata\/","title":{"rendered":"La Marina di Latina riparte: cittadini protagonisti, il Comune avvia la progettazione integrata"},"content":{"rendered":"<div id=\"fb-root\"><\/div>\n<p>LATINA &#8211; Si \u00e8 chiuso il primo ciclo di incontri dedicati alla riqualificazione della Marina di Latina, un progetto che non riguarda solo il nostro litorale, ma il futuro stesso della citt\u00e0. Quattro appuntamenti tematici, promossi dall\u2019Assessorato all\u2019Urbanistica, che hanno messo al centro il dialogo con cittadini, associazioni, operatori economici e istituzioni, raccogliendo idee, proposte e visioni per costruire, insieme, un nuovo assetto urbanistico e ambientale.<\/p>\n<p>\u201cLa Marina di Latina &#8211; dichiara la prima cittadina Matilde Celentano &#8211; \u00e8 uno dei luoghi pi\u00f9 belli e simbolici della nostra citt\u00e0 e, con questo percorso di ascolto e di progettazione condivisa, stiamo finalmente ponendo le basi per un cambiamento concreto. Ho seguito con grande attenzione l\u2019andamento degli incontri e ringrazio per il lavoro fatto l\u2019assessore Annalisa Muzio nonch\u00e9 gli altri membri della giunta che hanno partecipato come l&#8217;assessore Gianluca Di Cocco, gli uffici e tutti coloro che hanno contribuito a gettare le basi per costruire insieme il futuro del territorio. Vogliamo restituire alla Marina la dignit\u00e0 che merita, facendo di questa parte importantissima della nostra citt\u00e0 un motore di sviluppo sostenibile, turismo e qualit\u00e0 della vita. Il coinvolgimento dei cittadini, delle associazioni e degli operatori economici \u00e8 la chiave di questo progetto: la rinascita della Marina deve nascere dal basso, da una comunit\u00e0 che crede nel proprio mare e nel proprio futuro. L\u2019Amministrazione \u00e8 pienamente impegnata per trasformare le idee in realt\u00e0, con una visione chiara: una Marina viva tutto l\u2019anno, accessibile, sicura e integrata con la citt\u00e0\u201d.<\/p>\n<p>\u201cAbbiamo ascoltato, ci siamo confrontati e abbiamo raccolto contributi preziosi &#8211; afferma l\u2019Assessore all\u2019urbanistica, Annalisa Muzio. \u00c8 emersa una volont\u00e0 condivisa: fare della Marina di Latina uno spazio vivo, accessibile e sostenibile, capace di valorizzare l\u2019identit\u00e0 del territorio e rispondere alle sfide ambientali e turistiche con una visione moderna e inclusiva, ma sempre nel rispetto delle normative vigenti, dell\u2019ambiente, dell\u2019identit\u00e0 del territorio e delle esigenze di sviluppo sostenibile\u201d.<\/p>\n<p>Il percorso partecipativo si inserisce in una strategia pi\u00f9 ampia che coinvolge tutta l\u2019Amministrazione comunale. Come annunciato ieri, insieme all\u2019assessore Gianluca Di Cocco e all\u2019assessorato all\u2019Ambiente guidato da Franco Addonizio, \u00e8 stato siglato un protocollo d\u2019intesa con la Regione Lazio per la difesa della costa. Un intervento strutturale da 6,49 milioni di euro che prevede la realizzazione di barriere, pennelli e ripascimento dell\u2019arenile per contrastare l\u2019erosione costiera e restituire stabilit\u00e0 e sicurezza a un tratto di costa da tempo soggetto a degrado.<\/p>\n<p>\u201cMa il cuore del progetto \u00e8 anche il PUA, il Piano Unitario di Attuazione, uno strumento fondamentale per definire nel dettaglio il futuro della Marina \u2013 spiega ancora l\u2019assessore Muzio. Il recente webinar sulla Blue Economy, promosso dalla Camera di Commercio, ha ribadito un concetto fondamentale: il mare non \u00e8 solo un bene naturale, ma una risorsa economica, culturale e identitaria. In questo contesto, il PUA si inserisce come uno strumento concreto che punta su uno sviluppo sostenibile per valorizzare il litorale attraverso turismo, nautica, servizi e tutela ambientale. Il piano guarda, infatti, all\u2019intero sistema costiero dalla terraferma ai fondali, con l\u2019obiettivo di rendere la Marina un luogo accessibile e integrato nella vita urbana; il nostro obiettivo \u00e8 quello di superare l\u2019isolamento in cui vive il nostro lungomare per renderlo un luogo vissuto tutto l\u2019anno, connesso nei servizi, nella mobilit\u00e0 e nelle opportunit\u00e0, come accade in tutte le citt\u00e0 di mare\u201d.<\/p>\n<p>Con la chiusura della fase preliminare adesso si apre una nuova tappa decisiva: quella della progettazione integrata. In questa fase, il Comune lavorer\u00e0 per armonizzare il piano con gli strumenti normativi regionali e nazionali, fondamentali per garantire qualit\u00e0, sicurezza e sostenibilit\u00e0, ovvero il Piano Paesaggistico, che tutela le aree di pregio, e il Piano Idrogeologico, che individua le zone a rischio erosione, per garantire interventi sicuri e sostenibili.<br \/>\n\u201cPer la parte riguardante le infrastrutture &#8211; aggiunge l\u2019assessore all\u2019urbanistica &#8211; ci stiamo coordinando, invece, con l\u2019assessore ai Lavori Pubblici, Massimiliano Carnevale, per pianificare una serie di interventi infrastrutturali. Infine, abbiamo la nuova legge regionale sulla rigenerazione urbana che ci offre strumenti concreti per riqualificare aree degradate o sottoutilizzate, semplificando le procedure e promuovendo interventi sostenibili. Abbiamo, dopo anni, l\u2019occasione per trasformare la Marina in uno spazio moderno, sicuro e funzionale. Ringrazio gli uffici comunali per il grande lavoro che stanno svolgendo, i progettisti incaricati, gli ingegneri Antonio Petti e Fabrizio Ferracci, il Presidente della Commissione Urbanistica Roberto Belvisi, i consiglieri comunali e tutti gli assessori coinvolti. Lapartecipazione e il lavoro trasversale sono la chiave per costruire un progetto credibile e duraturo; se ne parla da troppo tempo e capisco la sfiducia dei cittadini, ma stiamo seriamente lavorando per restituire la nostra Marina alla citt\u00e0\u201d.<\/p>\n","protected":false},"excerpt":{"rendered":"<p>LATINA &#8211; Si \u00e8 chiuso il primo ciclo di incontri dedicati alla riqualificazione della Marina di Latina, un progetto che non riguarda solo il nostro litorale, ma il futuro stesso della citt\u00e0. Quattro appuntamenti tematici, promossi dall\u2019Assessorato all\u2019Urbanistica, che hanno messo al centro il dialogo con cittadini, associazioni, operatori economici e istituzioni, raccogliendo idee, proposte [&hellip;]<\/p>\n","protected":false},"author":5444,"featured_media":389410,"comment_status":"open","ping_status":"open","sticky":false,"template":"","format":"standard","meta":{"footnotes":""},"categories":[12],"tags":[],"class_list":["post-389409","post","type-post","status-publish","format-standard","has-post-thumbnail","hentry","category-ambiente"],"_links":{"self":[{"href":"https:\/\/www.radioluna.it\/news\/wp-json\/wp\/v2\/posts\/389409","targetHints":{"allow":["GET"]}}],"collection":[{"href":"https:\/\/www.radioluna.it\/news\/wp-json\/wp\/v2\/posts"}],"about":[{"href":"https:\/\/www.radioluna.it\/news\/wp-json\/wp\/v2\/types\/post"}],"author":[{"embeddable":true,"href":"https:\/\/www.radioluna.it\/news\/wp-json\/wp\/v2\/users\/5444"}],"replies":[{"embeddable":true,"href":"https:\/\/www.radioluna.it\/news\/wp-json\/wp\/v2\/comments?post=389409"}],"version-history":[{"count":1,"href":"https:\/\/www.radioluna.it\/news\/wp-json\/wp\/v2\/posts\/389409\/revisions"}],"predecessor-version":[{"id":389411,"href":"https:\/\/www.radioluna.it\/news\/wp-json\/wp\/v2\/posts\/389409\/revisions\/389411"}],"wp:featuredmedia":[{"embeddable":true,"href":"https:\/\/www.radioluna.it\/news\/wp-json\/wp\/v2\/media\/389410"}],"wp:attachment":[{"href":"https:\/\/www.radioluna.it\/news\/wp-json\/wp\/v2\/media?parent=389409"}],"wp:term":[{"taxonomy":"category","embeddable":true,"href":"https:\/\/www.radioluna.it\/news\/wp-json\/wp\/v2\/categories?post=389409"},{"taxonomy":"post_tag","embeddable":true,"href":"https:\/\/www.radioluna.it\/news\/wp-json\/wp\/v2\/tags?post=389409"}],"curies":[{"name":"wp","href":"https:\/\/api.w.org\/{rel}","templated":true}]}}