{"id":389688,"date":"2025-11-06T16:08:25","date_gmt":"2025-11-06T15:08:25","guid":{"rendered":"https:\/\/www.radioluna.it\/news\/?p=389688"},"modified":"2025-11-06T16:08:25","modified_gmt":"2025-11-06T15:08:25","slug":"manovra-finanziaria-il-presidente-della-provincia-di-latina-si-unisce-alle-critiche-dellupi","status":"publish","type":"post","link":"https:\/\/www.radioluna.it\/news\/2025\/11\/manovra-finanziaria-il-presidente-della-provincia-di-latina-si-unisce-alle-critiche-dellupi\/","title":{"rendered":"Manovra finanziaria, il Presidente della Provincia di Latina si unisce alle critiche dell&#8217;UPI"},"content":{"rendered":"<div id=\"fb-root\"><\/div>\n<p style=\"text-align: justify;\" data-start=\"28\" data-end=\"457\">Manovra finanziaria, il presidente della Provincia di Latina, Gerardo Stefanelli, si unisce al coro di critiche espresso dall\u2019Unione delle Province d\u2019Italia. \u201cLa legge di bilancio non d\u00e0 risposte alle richieste avanzate dalle Province e rischia di bloccare la capacit\u00e0 degli enti di garantire servizi e sicurezza ai cittadini\u201d, ha dichiarato, commentando l\u2019audizione al Senato di Enzo Lattuca, delegato UPI alla Finanza Locale.<\/p>\n<p style=\"text-align: justify;\" data-start=\"459\" data-end=\"967\">Stefanelli sottolinea come, da anni, le Province chiedano risorse certe e stabili per far fronte ai costi crescenti della gestione ordinaria, in particolare per scuole superiori e rete viaria. \u201cIl quadro attuale non solo non risolve lo squilibrio finanziario, ma lo aggrava, escludendo le Province da ogni misura di compensazione per il personale e scaricando su di noi oneri contrattuali per oltre 40 milioni di euro. Questo significa meno manutenzione, meno investimenti, meno sicurezza per i cittadini\u201d.<\/p>\n<p style=\"text-align: justify;\" data-start=\"969\" data-end=\"1269\">Il presidente richiama poi la necessit\u00e0 di un piano straordinario di investimenti per la messa in sicurezza delle infrastrutture, la modernizzazione del patrimonio scolastico e il sostegno alle aree interne e marginali, dove le Province rappresentano \u201cl\u2019ente sovracomunale pi\u00f9 vicino ai cittadini\u201d.<\/p>\n<p style=\"text-align: justify;\" data-start=\"1271\" data-end=\"1582\">Altro nodo cruciale, secondo Stefanelli, \u00e8 quello delle funzioni delegate dalle Regioni: \u201cLa situazione \u00e8 disomogenea e spesso le deleghe vengono concesse senza fondi adeguati. Serve una norma nazionale che riporti ordine e omogeneit\u00e0, perch\u00e9 non si pu\u00f2 chiedere di fare le stesse cose con strumenti diversi\u201d.<\/p>\n<p style=\"text-align: justify;\" data-start=\"1584\" data-end=\"1772\">\u201cLe Province \u2013 conclude \u2013 non chiedono privilegi, ma rispetto istituzionale e mezzi adeguati per svolgere il proprio ruolo. Senza risorse e personale si ferma la manutenzione del Paese\u201d.<\/p>\n<div class=\"radio-posizionamento-telefono-in-articoli-dopo-il-contenuto-articolo radio-entity-placement\" id=\"radio-3735870411\"><div id=\"radio-1213647825\"><a href=\"https:\/\/www.simeoneceramiche.com\/\" aria-label=\"SIMEONE CERAMICHE GIF animata per radioluna_Tavola disegno 1 copia 2 (online-video-cutter.com)\"><img loading=\"lazy\" decoding=\"async\" src=\"https:\/\/www.radioluna.it\/news\/wp-content\/uploads\/2025\/05\/SIMEONE-CERAMICHE-GIF-animata-per-radioluna_Tavola-disegno-1-copia-2-online-video-cutter.com_.gif\" alt=\"\"  width=\"300\" height=\"250\"   \/><\/a><\/div><\/div>","protected":false},"excerpt":{"rendered":"<p>Manovra finanziaria, il presidente della Provincia di Latina, Gerardo Stefanelli, si unisce al coro di critiche espresso dall\u2019Unione delle Province d\u2019Italia. \u201cLa legge di bilancio non d\u00e0 risposte alle richieste avanzate dalle Province e rischia di bloccare la capacit\u00e0 degli enti di garantire servizi e sicurezza ai cittadini\u201d, ha dichiarato, commentando l\u2019audizione al Senato di [&hellip;]<\/p>\n","protected":false},"author":5443,"featured_media":389689,"comment_status":"open","ping_status":"open","sticky":false,"template":"","format":"standard","meta":{"footnotes":""},"categories":[735,7],"tags":[],"class_list":["post-389688","post","type-post","status-publish","format-standard","has-post-thumbnail","hentry","category-attualita","category-cronaca"],"_links":{"self":[{"href":"https:\/\/www.radioluna.it\/news\/wp-json\/wp\/v2\/posts\/389688","targetHints":{"allow":["GET"]}}],"collection":[{"href":"https:\/\/www.radioluna.it\/news\/wp-json\/wp\/v2\/posts"}],"about":[{"href":"https:\/\/www.radioluna.it\/news\/wp-json\/wp\/v2\/types\/post"}],"author":[{"embeddable":true,"href":"https:\/\/www.radioluna.it\/news\/wp-json\/wp\/v2\/users\/5443"}],"replies":[{"embeddable":true,"href":"https:\/\/www.radioluna.it\/news\/wp-json\/wp\/v2\/comments?post=389688"}],"version-history":[{"count":1,"href":"https:\/\/www.radioluna.it\/news\/wp-json\/wp\/v2\/posts\/389688\/revisions"}],"predecessor-version":[{"id":389690,"href":"https:\/\/www.radioluna.it\/news\/wp-json\/wp\/v2\/posts\/389688\/revisions\/389690"}],"wp:featuredmedia":[{"embeddable":true,"href":"https:\/\/www.radioluna.it\/news\/wp-json\/wp\/v2\/media\/389689"}],"wp:attachment":[{"href":"https:\/\/www.radioluna.it\/news\/wp-json\/wp\/v2\/media?parent=389688"}],"wp:term":[{"taxonomy":"category","embeddable":true,"href":"https:\/\/www.radioluna.it\/news\/wp-json\/wp\/v2\/categories?post=389688"},{"taxonomy":"post_tag","embeddable":true,"href":"https:\/\/www.radioluna.it\/news\/wp-json\/wp\/v2\/tags?post=389688"}],"curies":[{"name":"wp","href":"https:\/\/api.w.org\/{rel}","templated":true}]}}