{"id":390715,"date":"2025-11-21T14:15:45","date_gmt":"2025-11-21T13:15:45","guid":{"rendered":"https:\/\/www.radioluna.it\/news\/?p=390715"},"modified":"2025-11-22T12:41:16","modified_gmt":"2025-11-22T11:41:16","slug":"sezze-rapinano-4000-euro-in-un-bar-e-si-schiantano-durante-la-fuga-arrestati","status":"publish","type":"post","link":"https:\/\/www.radioluna.it\/news\/2025\/11\/sezze-rapinano-4000-euro-in-un-bar-e-si-schiantano-durante-la-fuga-arrestati\/","title":{"rendered":"Sezze, rapinano 4000 euro in un bar e si schiantano durante la fuga: arrestati"},"content":{"rendered":"<div id=\"fb-root\"><\/div>\n<p><iframe loading=\"lazy\" title=\"Sezze, rapina in un bar\" width=\"740\" height=\"555\" src=\"https:\/\/www.youtube.com\/embed\/HOrKDtiSRZM?feature=oembed\" frameborder=\"0\" allow=\"accelerometer; autoplay; clipboard-write; encrypted-media; gyroscope; picture-in-picture; web-share\" referrerpolicy=\"strict-origin-when-cross-origin\" allowfullscreen><\/iframe><\/p>\n<p style=\"text-align: justify;\"><strong>SEZZE<\/strong> &#8211; Armati rapinano un bar impossessandosi di 4000 euro, poi, durante la fuga,\u00a0 si schiantano contro un guardrail e vengono arrestati dai carabinieri con l&#8217;accusa di rapina aggravata. E&#8217; quanto accaduto nella notte a Sezze.<\/p>\n<p style=\"text-align: justify;\">Secondo quanto ricostruito dai militari dell\u2019Arma attraverso le prime testimonianze e le immagini di videosorveglianza, un\u00a0 29 enne, armato di pistola e con il volto travisato \u00e8 entrato nel locale minacciando i presenti e sottraendo circa 4000 euro in contanti e alcuni ticket per le slot machine. Ad attenderlo, all\u2019esterno in sella ad uno scooter c&#8217;era un 52enne che \u00e8 ripartito a tutta velocit\u00e0 perdendo poco dopo il controllo del mezzo e schiantandosi contro un guardrail. La fuga dei due \u00e8 proseguita a piedi nelle campagne circostanti, fino alle vicinanze della stazione ferroviaria, dove sono stati intercettati e bloccati dai Carabinieri.<\/p>\n<p style=\"text-align: justify;\">A seguito delle lesioni riportate, il pi\u00f9 giovane \u00e8 stato trasportato all&#8217;ospedale di Latina per le cure del caso. Per gli arrestati \u00e8 stata disposta la detenzione nel carcere di Latina dove si svolger\u00e0 l&#8217;interrogatorio di convalida.<\/p>\n","protected":false},"excerpt":{"rendered":"<p>SEZZE &#8211; Armati rapinano un bar impossessandosi di 4000 euro, poi, durante la fuga,\u00a0 si schiantano contro un guardrail e vengono arrestati dai carabinieri con l&#8217;accusa di rapina aggravata. E&#8217; quanto accaduto nella notte a Sezze. Secondo quanto ricostruito dai militari dell\u2019Arma attraverso le prime testimonianze e le immagini di videosorveglianza, un\u00a0 29 enne, armato [&hellip;]<\/p>\n","protected":false},"author":62,"featured_media":390720,"comment_status":"open","ping_status":"open","sticky":false,"template":"","format":"standard","meta":{"footnotes":""},"categories":[7,2428,2312],"tags":[],"class_list":["post-390715","post","type-post","status-publish","format-standard","has-post-thumbnail","hentry","category-cronaca","category-primo-piano","category-video"],"_links":{"self":[{"href":"https:\/\/www.radioluna.it\/news\/wp-json\/wp\/v2\/posts\/390715","targetHints":{"allow":["GET"]}}],"collection":[{"href":"https:\/\/www.radioluna.it\/news\/wp-json\/wp\/v2\/posts"}],"about":[{"href":"https:\/\/www.radioluna.it\/news\/wp-json\/wp\/v2\/types\/post"}],"author":[{"embeddable":true,"href":"https:\/\/www.radioluna.it\/news\/wp-json\/wp\/v2\/users\/62"}],"replies":[{"embeddable":true,"href":"https:\/\/www.radioluna.it\/news\/wp-json\/wp\/v2\/comments?post=390715"}],"version-history":[{"count":3,"href":"https:\/\/www.radioluna.it\/news\/wp-json\/wp\/v2\/posts\/390715\/revisions"}],"predecessor-version":[{"id":390722,"href":"https:\/\/www.radioluna.it\/news\/wp-json\/wp\/v2\/posts\/390715\/revisions\/390722"}],"wp:featuredmedia":[{"embeddable":true,"href":"https:\/\/www.radioluna.it\/news\/wp-json\/wp\/v2\/media\/390720"}],"wp:attachment":[{"href":"https:\/\/www.radioluna.it\/news\/wp-json\/wp\/v2\/media?parent=390715"}],"wp:term":[{"taxonomy":"category","embeddable":true,"href":"https:\/\/www.radioluna.it\/news\/wp-json\/wp\/v2\/categories?post=390715"},{"taxonomy":"post_tag","embeddable":true,"href":"https:\/\/www.radioluna.it\/news\/wp-json\/wp\/v2\/tags?post=390715"}],"curies":[{"name":"wp","href":"https:\/\/api.w.org\/{rel}","templated":true}]}}