{"id":392184,"date":"2025-12-12T17:20:57","date_gmt":"2025-12-12T16:20:57","guid":{"rendered":"https:\/\/www.radioluna.it\/news\/?p=392184"},"modified":"2025-12-12T17:20:57","modified_gmt":"2025-12-12T16:20:57","slug":"differenziamo-bene-differenziamo-tutti-liniziativa-a-gaeta","status":"publish","type":"post","link":"https:\/\/www.radioluna.it\/news\/2025\/12\/differenziamo-bene-differenziamo-tutti-liniziativa-a-gaeta\/","title":{"rendered":"Differenziamo bene, differenziamo tutti! L&#8217;iniziativa a Gaeta"},"content":{"rendered":"<div id=\"fb-root\"><\/div>\n<p>GAETA &#8211; La citt\u00e0 di Gaeta consolida il suo impegno per l\u2019ambiente e punta a innalzare ulteriormente gli standard della raccolta differenziata. \u00c8 stata presentata questa mattina, presso l\u2019Aula Consiliare del Palazzo Comunale, la nuova campagna di comunicazione integrata \u201cDifferenziamo bene, differenziamo tutti!\u201d.<\/p>\n<p>L\u2019iniziativa, promossa dall\u2019Amministrazione Comunale in stretta sinergia con il gestore del servizio di igiene urbana De Vizia Transfer spa \/ Urbaser SA, mira ad innalzare la qualit\u00e0 della raccolta differenziata attraverso la sensibilizzazione e l&#8217;azione collettiva.<\/p>\n<p>L&#8217;evento di presentazione si \u00e8 tenuto stamattina presso l\u2019aula consiliare, registrando una partecipazione significativa che sottolinea l&#8217;importanza strategica del progetto. Ad aprire i lavori, il Primo Cittadino, Cristian Leccese, seguito dalla Dirigente del Dipartimento Ambiente e Rifiuti, Annamaria De Filippis. Per il versante educativo, era presente l\u2019Assessora all\u2019Istruzione, Gianna Conte. A rappresentare il partner tecnico, \u00e8 intervenuto Manuele Nardone di De Vizia Transfer spa \/ Urbaser SA.<\/p>\n<p>Un momento speciale della nuova Campagna \u00e8 senza dubbio il coinvolgimento di alcuni studenti delle scuole primarie e secondarie di primo grado, entusiasti partecipanti della competizione didattica ambientale &#8220;Ricicla&amp;Vinci!&#8221;. La loro presenza simboleggia il ruolo centrale delle nuove generazioni nel costruire una Gaeta pi\u00f9 sostenibile.<\/p>\n<p>Per il sindaco Cristian Leccese \u201c<em>Questa campagna non \u00e8 solo un invito a separare i rifiuti, ma un vero e proprio patto civico. Gaeta, splendida Bandiera Blu, merita uno<\/em> <em>standard di decoro che sia all&#8217;altezza della sua bellezza. &#8216;Differenziamo bene, differenziamo tutti!&#8217; \u00e8 l&#8217;iniezione di responsabilit\u00e0 che chiediamo ad ogni cittadino, utenza domestica e attivit\u00e0 commerciale. Vogliamo superare la logica dell&#8217;obbligo per abbracciare quella del beneficio condiviso e della sostenibilit\u00e0 come stile di vita.&#8221;<\/em><\/p>\n<p>\u201c<em>Il programma di sostenibilit\u00e0 del Comune si articola su tre direttrici fondamentali che saranno promosse dalla campagna<\/em> \u2013 spiega la Dirigente Annamaria De Filippis &#8211;<\/p>\n<p><em>Raccolta Senza Errori: Migliorare la qualit\u00e0 riducendo drasticamente i conferimenti errati (i cosiddetti &#8220;fuori-frazione&#8221;).Rispetto Rigoroso delle Regole: Osservanza degli orari e delle modalit\u00e0 di conferimento per garantire il massimo decoro urbano.Educazione Ambientale Diffusa: Un giusto programma educativo nelle scuole, mirato a formare cittadini consapevoli del domani.\u201d<\/em><\/p>\n<p>La strumentazione comunicativa della campagna (affissioni in citt\u00e0, spot radiofonici, contenuti social dinamici e materiali informativi dettagliati) sar\u00e0 affiancata da un capillare programma educativo.<\/p>\n<p>\u201c<em>Oggi \u00e8 stata presentato un piano di comunicazione che prevede attivit\u00e0 integrate per arrivare in maniera trasversale a tutta la citt\u00e0. De Vizia \u00e8 impegnata quotidianamente a Gaeta per garantire decoro urbano e servizi di qualit\u00e0, ma siamo consapevoli come azienda che opera sul territorio che comunicazione, educazione e regole sono la base per una citt\u00e0 pi\u00f9 pulita e sostenibile<\/em> -cos\u00ec Manuele Nardone, referente De Vizia. \u2013 \u201c<em>Differenziamo bene, differenziamo tutti!\u201d, \u00e8 una campagna che punta a rendere la citt\u00e0 di Gaeta un modello di corrette pratiche ambientali e di partecipazione civica.\u201d<\/em><\/p>\n<p>Gianna Conte, Assessora all\u2019Istruzione, ha aggiunto: &#8220;<em>\u00c8 tra i banchi di scuola che si coltiva il rispetto per l&#8217;ambiente. La gara &#8216;Ricicla&amp;Vinci!&#8217; trasforma un dovere in un gioco stimolante. Abbiamo studiato un programma didattico articolato e specifico per ogni grado scolastico, perch\u00e9 i ragazzi di oggi sono i custodi del nostro futuro. Loro sono i nostri migliori ambasciatori di sostenibilit\u00e0 presso le famiglie.&#8221;<\/em><\/p>\n<p>La presentazione di oggi, 12 dicembre, ha ufficialmente dato il via alle attivit\u00e0. Saranno \u00a0distribuiti i nuovi pieghevoli informativi aggiornati, contenenti il calendario di conferimento dettagliato, le &#8220;buone pratiche&#8221; per una separazione efficace e tutti i riferimenti utili per i servizi attivi, come l&#8217;isola ecologica e il ritiro ingombranti.<\/p>\n<p>Un segmento specifico \u00e8 stato dedicato alle attivit\u00e0 economiche. Per le utenze non domestiche, sono previsti messaggi mirati e la distribuzione di strumenti dedicati per facilitare il corretto conferimento dei volumi pi\u00f9 consistenti di rifiuti speciali, armonizzando l&#8217;esigenza di business con il rispetto ambientale.<\/p>\n<p>Per maggiori informazioni e per consultare il calendario di conferimento, i cittadini sono invitati a visitare il sito web del Comune di Gaeta o a consultare i canali social ufficiali.<\/p>\n<div class=\"radio-posizionamento-telefono-in-articoli-dopo-il-contenuto-articolo radio-entity-placement\" id=\"radio-1754599036\"><div id=\"radio-630452120\"><a href=\"https:\/\/www.simeoneceramiche.com\/\" aria-label=\"SIMEONE CERAMICHE GIF animata per radioluna_Tavola disegno 1 copia 2 (online-video-cutter.com)\"><img loading=\"lazy\" decoding=\"async\" src=\"https:\/\/www.radioluna.it\/news\/wp-content\/uploads\/2025\/05\/SIMEONE-CERAMICHE-GIF-animata-per-radioluna_Tavola-disegno-1-copia-2-online-video-cutter.com_.gif\" alt=\"\"  width=\"300\" height=\"250\"   \/><\/a><\/div><\/div>","protected":false},"excerpt":{"rendered":"<p>GAETA &#8211; La citt\u00e0 di Gaeta consolida il suo impegno per l\u2019ambiente e punta a innalzare ulteriormente gli standard della raccolta differenziata. \u00c8 stata presentata questa mattina, presso l\u2019Aula Consiliare del Palazzo Comunale, la nuova campagna di comunicazione integrata \u201cDifferenziamo bene, differenziamo tutti!\u201d. L\u2019iniziativa, promossa dall\u2019Amministrazione Comunale in stretta sinergia con il gestore del servizio [&hellip;]<\/p>\n","protected":false},"author":5444,"featured_media":392185,"comment_status":"open","ping_status":"open","sticky":false,"template":"","format":"standard","meta":{"footnotes":""},"categories":[735],"tags":[],"class_list":["post-392184","post","type-post","status-publish","format-standard","has-post-thumbnail","hentry","category-attualita"],"_links":{"self":[{"href":"https:\/\/www.radioluna.it\/news\/wp-json\/wp\/v2\/posts\/392184","targetHints":{"allow":["GET"]}}],"collection":[{"href":"https:\/\/www.radioluna.it\/news\/wp-json\/wp\/v2\/posts"}],"about":[{"href":"https:\/\/www.radioluna.it\/news\/wp-json\/wp\/v2\/types\/post"}],"author":[{"embeddable":true,"href":"https:\/\/www.radioluna.it\/news\/wp-json\/wp\/v2\/users\/5444"}],"replies":[{"embeddable":true,"href":"https:\/\/www.radioluna.it\/news\/wp-json\/wp\/v2\/comments?post=392184"}],"version-history":[{"count":1,"href":"https:\/\/www.radioluna.it\/news\/wp-json\/wp\/v2\/posts\/392184\/revisions"}],"predecessor-version":[{"id":392186,"href":"https:\/\/www.radioluna.it\/news\/wp-json\/wp\/v2\/posts\/392184\/revisions\/392186"}],"wp:featuredmedia":[{"embeddable":true,"href":"https:\/\/www.radioluna.it\/news\/wp-json\/wp\/v2\/media\/392185"}],"wp:attachment":[{"href":"https:\/\/www.radioluna.it\/news\/wp-json\/wp\/v2\/media?parent=392184"}],"wp:term":[{"taxonomy":"category","embeddable":true,"href":"https:\/\/www.radioluna.it\/news\/wp-json\/wp\/v2\/categories?post=392184"},{"taxonomy":"post_tag","embeddable":true,"href":"https:\/\/www.radioluna.it\/news\/wp-json\/wp\/v2\/tags?post=392184"}],"curies":[{"name":"wp","href":"https:\/\/api.w.org\/{rel}","templated":true}]}}