{"id":393908,"date":"2026-01-12T12:15:12","date_gmt":"2026-01-12T11:15:12","guid":{"rendered":"https:\/\/www.radioluna.it\/news\/?p=393908"},"modified":"2026-01-12T12:08:37","modified_gmt":"2026-01-12T11:08:37","slug":"pontinia-continuano-i-lavori-per-listituzione-del-distretto-bufalino","status":"publish","type":"post","link":"https:\/\/www.radioluna.it\/news\/2026\/01\/pontinia-continuano-i-lavori-per-listituzione-del-distretto-bufalino\/","title":{"rendered":"Pontinia, continuano i lavori per l&#8217;istituzione del distretto bufalino"},"content":{"rendered":"<div id=\"fb-root\"><\/div>\n<p style=\"text-align: justify;\"><strong>PONTINIA &#8211;<\/strong> Continuano i lavori per l\u2019istituzione del Distretto bufalino, l\u2019organizzazione intercomunale che avr\u00e0 come obiettivo la promozione e la tutela dei prodotti derivati dal latte e dalla carne di bufala dell\u2019agro pontino, attraverso un sistema unitario che sia in grado coinvolgere i diversi attori del settore. Dopo un incontro avuto con alcuni amministratori di diversi Comuni aderenti presso l\u2019aula consiliare del Comune di Pontinia, sono iniziate le procedure per la condivisione e la firma dello statuto del Distretto bufalino. Il documento \u00e8 stato prima di tutto concordato con gli allevatori e, domani 13 dicembre, la commissione agricoltura del Comune di Pontinia ne certificher\u00e0 la presa d\u2019atto. Continua bene il percorso per l\u2019istituzione del distretto, un progetto che ha come capofila la citt\u00e0 di Pontinia, con l\u2019impegno in prima fila del sindaco Eligio Tombolillo e l\u2019assessore all\u2019agricoltura Giovanni Bottoni, e che vede il coinvolgimento di ben 11 Comuni, allevatori, istituti di credito e associazioni di categoria, cos\u00ec come centri di ricerca e di formazione. Sempre sullo statuto, entro il 31 gennaio gli altri Comuni ne daranno il via libera.<img loading=\"lazy\" decoding=\"async\" class=\"wp-image-393909 alignright\" src=\"https:\/\/www.radioluna.it\/news\/wp-content\/uploads\/2026\/01\/logo-distretto-bufalino.jpeg\" alt=\"\" width=\"263\" height=\"264\" srcset=\"https:\/\/www.radioluna.it\/news\/wp-content\/uploads\/2026\/01\/logo-distretto-bufalino.jpeg 1292w, https:\/\/www.radioluna.it\/news\/wp-content\/uploads\/2026\/01\/logo-distretto-bufalino-768x770.jpeg 768w, https:\/\/www.radioluna.it\/news\/wp-content\/uploads\/2026\/01\/logo-distretto-bufalino-80x80.jpeg 80w\" sizes=\"auto, (max-width: 263px) 100vw, 263px\" \/><\/p>\n<p style=\"text-align: justify;\">Infine, il percorso per l\u2019istituzione del distretto preveder\u00e0 altri passi importanti, cos\u00ec come illustrato dall\u2019assessore Bottoni: \u201cUna volta completato l\u2019iter convocheremo un\u2019assemblea generale per comporre il Consiglio di Amministrazione, formato dai Comuni e da una larga rappresentanza degli allevatori. Inseriremo inoltre la Camera di Commercio, la Provincia di Latina, gli istituti di credito e gli istituti di ricerca: a tal proposito l\u2019Universit\u00e0 della Tuscia ha gi\u00e0 manifestato la volont\u00e0 di investire in maniera considerevole sull\u2019iniziativa. Nell\u2019incontro del 9 dicembre abbiamo stabilito di allargare ulteriormente il numero di componenti del consiglio direttivo e di adottare misure che rafforzino la tutela delle aziende e consentano al distretto di farsi portavoce delle problematiche del settore attraverso le segnalazioni al Ministero competente. Siamo molto soddisfatti dei passi compiuti, la validit\u00e0 del progetto \u00e8 testimoniata dalle tante adesioni e dal fatto che siamo stati contattati da numerose aziende locali e dei centri limitrofi. La Commissione di marted\u00ec segner\u00e0 un ulteriore decisivo passo a Pontinia ma anche negli altri Comuni c\u2019\u00e8 la ferma volont\u00e0 di stringere i tempi per diventare subito operativi\u201d.<\/p>\n<p>&nbsp;<\/p>\n<p style=\"text-align: center;\">\n<div class=\"radio-posizionamento-telefono-in-articoli-dopo-il-contenuto-articolo radio-entity-placement\" id=\"radio-2543664334\"><div id=\"radio-2981878970\" style=\"width: 300px;height: 250px;\"><a href=\"https:\/\/www.icarspa.it\/auto\/usate\/latina\/\" aria-label=\"banner aprile icar new life &#8211; auto usate latina\"><img loading=\"lazy\" decoding=\"async\" src=\"https:\/\/www.radioluna.it\/news\/wp-content\/uploads\/2026\/02\/banner-aprile-icar-new-life-auto-usate-latina.gif\" alt=\"\"  width=\"300\" height=\"250\"   \/><\/a><\/div><\/div>","protected":false},"excerpt":{"rendered":"<p>PONTINIA &#8211; Continuano i lavori per l\u2019istituzione del Distretto bufalino, l\u2019organizzazione intercomunale che avr\u00e0 come obiettivo la promozione e la tutela dei prodotti derivati dal latte e dalla carne di bufala dell\u2019agro pontino, attraverso un sistema unitario che sia in grado coinvolgere i diversi attori del settore. Dopo un incontro avuto con alcuni amministratori di [&hellip;]<\/p>\n","protected":false},"author":60,"featured_media":393910,"comment_status":"open","ping_status":"open","sticky":false,"template":"","format":"standard","meta":{"footnotes":""},"categories":[11,2428],"tags":[],"class_list":["post-393908","post","type-post","status-publish","format-standard","has-post-thumbnail","hentry","category-economia","category-primo-piano"],"_links":{"self":[{"href":"https:\/\/www.radioluna.it\/news\/wp-json\/wp\/v2\/posts\/393908","targetHints":{"allow":["GET"]}}],"collection":[{"href":"https:\/\/www.radioluna.it\/news\/wp-json\/wp\/v2\/posts"}],"about":[{"href":"https:\/\/www.radioluna.it\/news\/wp-json\/wp\/v2\/types\/post"}],"author":[{"embeddable":true,"href":"https:\/\/www.radioluna.it\/news\/wp-json\/wp\/v2\/users\/60"}],"replies":[{"embeddable":true,"href":"https:\/\/www.radioluna.it\/news\/wp-json\/wp\/v2\/comments?post=393908"}],"version-history":[{"count":4,"href":"https:\/\/www.radioluna.it\/news\/wp-json\/wp\/v2\/posts\/393908\/revisions"}],"predecessor-version":[{"id":393915,"href":"https:\/\/www.radioluna.it\/news\/wp-json\/wp\/v2\/posts\/393908\/revisions\/393915"}],"wp:featuredmedia":[{"embeddable":true,"href":"https:\/\/www.radioluna.it\/news\/wp-json\/wp\/v2\/media\/393910"}],"wp:attachment":[{"href":"https:\/\/www.radioluna.it\/news\/wp-json\/wp\/v2\/media?parent=393908"}],"wp:term":[{"taxonomy":"category","embeddable":true,"href":"https:\/\/www.radioluna.it\/news\/wp-json\/wp\/v2\/categories?post=393908"},{"taxonomy":"post_tag","embeddable":true,"href":"https:\/\/www.radioluna.it\/news\/wp-json\/wp\/v2\/tags?post=393908"}],"curies":[{"name":"wp","href":"https:\/\/api.w.org\/{rel}","templated":true}]}}