{"id":393966,"date":"2026-01-13T12:30:08","date_gmt":"2026-01-13T11:30:08","guid":{"rendered":"https:\/\/www.radioluna.it\/news\/?p=393966"},"modified":"2026-01-13T14:45:24","modified_gmt":"2026-01-13T13:45:24","slug":"anzio-causa-maltempo-chiude-il-plesso-saragat-le-docenti-si-mobilitano","status":"publish","type":"post","link":"https:\/\/www.radioluna.it\/news\/2026\/01\/anzio-causa-maltempo-chiude-il-plesso-saragat-le-docenti-si-mobilitano\/","title":{"rendered":"Maltempo ad Anzio, chiude il plesso Saragat. Le docenti si mobilitano"},"content":{"rendered":"<div id=\"fb-root\"><\/div>\n<p>Si mobilitano le docenti del plesso Saragat affinch\u00e9 il Comune intervenga tempestivamente al ripristino del solaio di copertura della scuola e consenta in tempi brevissimi il rientro di tutti i bambini nel proprio spazio educativo\u00a0 di apprendimento .<\/p>\n<p>&#8220;Avevamo pronte tutte le attivit\u00e0 disposte con il Dirigente Scolastico &#8211; scrivono le docenti &#8211;\u00a0 \u00a0per accogliere i bambini in occasione dell&#8217;Open Day del 15 gennaio e con grande entusiasmo erano pronti\u00a0 laboratori interattivi per i piccoli\u00a0 dell&#8217;infanzia,\u00a0 auspicavamo di incontrarli accompagnati dai propri genitori\u00a0 per visitare la nostra magnifica scuola,\u00a0 che gode di un polmone verde di rara bellezza, poich\u00e9 in altre scuole del territorio non \u00e8 dato di avere al proprio interno e all&#8217;esterno ci\u00f2 che offre il plesso Saragat, una pinetella nella zona retrostante lo stabile, una serra didattica dove i bambini sperimentano e giocano imparando dalla terra la successione delle stagioni, piantano, raccolgono, studiano la vita del seme, attraversando la strada utilizzano i grandi spazi verdi del campo di baseball dove trascorrono ore liete anche con lezioni di didattica oltre che di educazione motoria e tempo libero nel post mensa, per non parlare di tutte le belle manifestazioni che si organizzano a fine anno e dove ormai \u00e8 appuntamento per tutta la grande famiglia del Saragat riunirsi e salutare l&#8217;anno appena trascorso augurandosi buone vacanze e incoronato i bimbi delle quinte classi che migrano verso la scuola secondaria di primo grado&#8221;<\/p>\n<p>Le docenti invitano tutti coloro che si erano interessati a partecipare con i propri bambini all&#8217;open day del 15 gennaio a partecipare presso\u00a0 la sede centrale di via Ambrosini il 16 gennaio\u00a0 per\u00a0 scoprire le attivit\u00e0 che offerte.<\/p>\n","protected":false},"excerpt":{"rendered":"<p>Si mobilitano le docenti del plesso Saragat affinch\u00e9 il Comune intervenga tempestivamente al ripristino del solaio di copertura della scuola e consenta in tempi brevissimi il rientro di tutti i bambini nel proprio spazio educativo\u00a0 di apprendimento . &#8220;Avevamo pronte tutte le attivit\u00e0 disposte con il Dirigente Scolastico &#8211; scrivono le docenti &#8211;\u00a0 \u00a0per accogliere [&hellip;]<\/p>\n","protected":false},"author":5444,"featured_media":393967,"comment_status":"open","ping_status":"open","sticky":false,"template":"","format":"standard","meta":{"footnotes":""},"categories":[734,248],"tags":[],"class_list":["post-393966","post","type-post","status-publish","format-standard","has-post-thumbnail","hentry","category-evidenza","category-istruzione"],"_links":{"self":[{"href":"https:\/\/www.radioluna.it\/news\/wp-json\/wp\/v2\/posts\/393966","targetHints":{"allow":["GET"]}}],"collection":[{"href":"https:\/\/www.radioluna.it\/news\/wp-json\/wp\/v2\/posts"}],"about":[{"href":"https:\/\/www.radioluna.it\/news\/wp-json\/wp\/v2\/types\/post"}],"author":[{"embeddable":true,"href":"https:\/\/www.radioluna.it\/news\/wp-json\/wp\/v2\/users\/5444"}],"replies":[{"embeddable":true,"href":"https:\/\/www.radioluna.it\/news\/wp-json\/wp\/v2\/comments?post=393966"}],"version-history":[{"count":2,"href":"https:\/\/www.radioluna.it\/news\/wp-json\/wp\/v2\/posts\/393966\/revisions"}],"predecessor-version":[{"id":393977,"href":"https:\/\/www.radioluna.it\/news\/wp-json\/wp\/v2\/posts\/393966\/revisions\/393977"}],"wp:featuredmedia":[{"embeddable":true,"href":"https:\/\/www.radioluna.it\/news\/wp-json\/wp\/v2\/media\/393967"}],"wp:attachment":[{"href":"https:\/\/www.radioluna.it\/news\/wp-json\/wp\/v2\/media?parent=393966"}],"wp:term":[{"taxonomy":"category","embeddable":true,"href":"https:\/\/www.radioluna.it\/news\/wp-json\/wp\/v2\/categories?post=393966"},{"taxonomy":"post_tag","embeddable":true,"href":"https:\/\/www.radioluna.it\/news\/wp-json\/wp\/v2\/tags?post=393966"}],"curies":[{"name":"wp","href":"https:\/\/api.w.org\/{rel}","templated":true}]}}