{"id":394527,"date":"2026-01-21T08:35:34","date_gmt":"2026-01-21T07:35:34","guid":{"rendered":"https:\/\/www.radioluna.it\/news\/?p=394527"},"modified":"2026-01-21T08:27:00","modified_gmt":"2026-01-21T07:27:00","slug":"luniversita-sapienza-esprime-solidarieta-e-sostegno-alla-popolazione-iraniana","status":"publish","type":"post","link":"https:\/\/www.radioluna.it\/news\/2026\/01\/luniversita-sapienza-esprime-solidarieta-e-sostegno-alla-popolazione-iraniana\/","title":{"rendered":"L&#8217;Universit\u00e0 Sapienza esprime solidariet\u00e0 e sostegno alla popolazione iraniana"},"content":{"rendered":"<div id=\"fb-root\"><\/div>\n<p style=\"text-align: justify;\">Il Senato accademico della Sapienza ha approvato all\u2019unanimit\u00e0 un documento nel quale l\u2019Ateneo esprime solidariet\u00e0 e sostegno ai giovani, alle donne e a tutti coloro che, in Iran, lottano per la rivendicazione di diritti umani fondamentali e per l\u2019autodeterminazione del proprio popolo. Il testo condanna l\u2019uso della violenza contro i manifestanti pacifici e richiama al rispetto delle universit\u00e0 come sedi di formazione del sapere e del pensiero critico.<\/p>\n<p style=\"text-align: justify;\">&#8220;In coerenza e continuit\u00e0 con precedenti iniziative a favore della popolazione iraniana &#8211; si legge in una nota dell&#8217;Universit\u00e0 &#8211;\u00a0 , Sapienza si impegna a supportare il diritto dei giovani e delle donne a studiare, insegnare, fare ricerca senza subire alcuna discriminazione. La grave crisi sociale e politica sfociata nella violenza e nella compressione di tutte le libert\u00e0 civili, ha determinato forti ripercussioni nei confronti degli studenti che si traducono, tra le altre, in ingiuste e illegittime limitazioni alla libert\u00e0 di circolazione e con essa quella di espatrio. Pertanto il Senato accademico ha approvato misure per garantire il diritto allo studio agli studenti di nazionalit\u00e0 iraniana, molti dei quali sono bloccati in patria senza la possibilit\u00e0 di fare rientro in Italia. L\u2019impossibilit\u00e0 oggettiva di poter riprendere o iniziare a frequentare lezioni in presenza, laboratori e sostenere esami rende concreto il rischio di perdere eventuali borse di studio e di non veder rinnovato il permesso di soggiorno per motivi di studio&#8221;.<\/p>\n<p style=\"text-align: justify;\">Per questi motivi,\u00a0 Sapienza ha deciso di garantire la possibilit\u00e0 di recuperare integralmente le lezioni e le attivit\u00e0 didattiche perdute quali, tra le altre, la frequenza di laboratori, tirocini curriculari e seminari, essenziali per l&#8217;acquisizione dei CFU previsti dal piano di studi, a tutti coloro che per ragioni connesse alla crisi in Iran, riusciranno a rientrare in Italia solo a semestre inoltrato.<\/p>\n<p><strong>IL TESTO INTEGRALE DEL DOCUMENTO APPROVATO DAL SENATO ACCADEMICO<\/strong><\/p>\n<p><em>Sapienza Universit\u00e0 di Roma esprime la propria solidariet\u00e0 e il proprio sostegno ai giovani, alle donne e a tutti coloro che, in Iran, lottano per la rivendicazione di diritti umani fondamentali e per l\u2019autodeterminazione del proprio popolo.<\/em><\/p>\n<p><em>Sapienza condanna l\u2019uso della violenza contro i manifestanti pacifici e richiama al rispetto delle universit\u00e0 come sedi di formazione del sapere e del pensiero critico.<\/em><\/p>\n<p><em>Coerentemente con le precedenti iniziative a favore della popolazione iraniana, Sapienza si impegna a supportare il diritto dei giovani e delle donne a studiare, insegnare, fare ricerca senza subire alcuna discriminazione.<\/em><\/p>\n<p><em>Esprime particolare preoccupazione e pieno sostegno per le studentesse e gli studenti, studiose e studiosi e tutto il personale di origine iraniana presso la nostra Comunit\u00e0, disponendo l\u2019attivazione di uno sportello psicologico specifico ad essi dedicato presso il Centro di Counselling psicologico di Ateneo.<\/em><\/p>\n<p><em>Consapevole della difficolt\u00e0 affrontate in questo momento da studentesse e studenti di origine iraniana, Sapienza intraprender\u00e0 per loro tutte le iniziative opportune per il recupero delle attivit\u00e0 didattiche eventualmente perdute in questo periodo, per tutti i corsi di studio, compresi quelli a frequenza obbligatoria.<\/em><\/p>\n<p>&nbsp;<\/p>\n","protected":false},"excerpt":{"rendered":"<p>Il Senato accademico della Sapienza ha approvato all\u2019unanimit\u00e0 un documento nel quale l\u2019Ateneo esprime solidariet\u00e0 e sostegno ai giovani, alle donne e a tutti coloro che, in Iran, lottano per la rivendicazione di diritti umani fondamentali e per l\u2019autodeterminazione del proprio popolo. Il testo condanna l\u2019uso della violenza contro i manifestanti pacifici e richiama al [&hellip;]<\/p>\n","protected":false},"author":62,"featured_media":306990,"comment_status":"open","ping_status":"open","sticky":false,"template":"","format":"standard","meta":{"footnotes":""},"categories":[734,248],"tags":[],"class_list":["post-394527","post","type-post","status-publish","format-standard","has-post-thumbnail","hentry","category-evidenza","category-istruzione"],"_links":{"self":[{"href":"https:\/\/www.radioluna.it\/news\/wp-json\/wp\/v2\/posts\/394527","targetHints":{"allow":["GET"]}}],"collection":[{"href":"https:\/\/www.radioluna.it\/news\/wp-json\/wp\/v2\/posts"}],"about":[{"href":"https:\/\/www.radioluna.it\/news\/wp-json\/wp\/v2\/types\/post"}],"author":[{"embeddable":true,"href":"https:\/\/www.radioluna.it\/news\/wp-json\/wp\/v2\/users\/62"}],"replies":[{"embeddable":true,"href":"https:\/\/www.radioluna.it\/news\/wp-json\/wp\/v2\/comments?post=394527"}],"version-history":[{"count":1,"href":"https:\/\/www.radioluna.it\/news\/wp-json\/wp\/v2\/posts\/394527\/revisions"}],"predecessor-version":[{"id":394528,"href":"https:\/\/www.radioluna.it\/news\/wp-json\/wp\/v2\/posts\/394527\/revisions\/394528"}],"wp:featuredmedia":[{"embeddable":true,"href":"https:\/\/www.radioluna.it\/news\/wp-json\/wp\/v2\/media\/306990"}],"wp:attachment":[{"href":"https:\/\/www.radioluna.it\/news\/wp-json\/wp\/v2\/media?parent=394527"}],"wp:term":[{"taxonomy":"category","embeddable":true,"href":"https:\/\/www.radioluna.it\/news\/wp-json\/wp\/v2\/categories?post=394527"},{"taxonomy":"post_tag","embeddable":true,"href":"https:\/\/www.radioluna.it\/news\/wp-json\/wp\/v2\/tags?post=394527"}],"curies":[{"name":"wp","href":"https:\/\/api.w.org\/{rel}","templated":true}]}}