{"id":416940,"date":"2026-02-25T09:44:59","date_gmt":"2026-02-25T08:44:59","guid":{"rendered":"https:\/\/www.radioluna.it\/news\/?p=416940"},"modified":"2026-02-26T09:05:12","modified_gmt":"2026-02-26T08:05:12","slug":"il-cisterna-volley-di-scena-a-trento-per-lultima-di-regular-season","status":"publish","type":"post","link":"https:\/\/www.radioluna.it\/news\/2026\/02\/il-cisterna-volley-di-scena-a-trento-per-lultima-di-regular-season\/","title":{"rendered":"Il Cisterna Volley di scena a Trento per l&#8217;ultima di regular season"},"content":{"rendered":"<div id=\"fb-root\"><\/div>\n<p>Il Cisterna Volley giocher\u00e0 mercoled\u00ec 25 febbraio l&#8217;ultima giornata della regular season del campionato di Superlega. Appuntamento alle\u00a0 20.30 a Trento, in una gara che vale molto per l\u2019Itas che\u00a0 bisogno di un successo pieno per evitare brutte sorprese e blindare la terza posizione dall\u2019attacco di Modena (che ospita Verona) e Piacenza (di scena a Padova). \u00a0Cisterna, dal canto suo, scende in campo con la salvezza gi\u00e0 conquistata da tempo, ma con l\u2019obiettivo di mantenere la decima posizione (la squadra di Morato ha gli stessi punti di Cuneo, ma con una vittoria in pi\u00f9): i piemontesi sono impegnati in trasferta a Milano.<\/p>\n<p>Alessandro Fanizza, uscito per infortunio nel match giocato al PalaSport con Civitanova, \u00e8 partito regolarmente per Trento: gli esami strumentali hanno dato esito negativo. Assenza pesante per l\u2019Itas che non potr\u00e0 contare su Alessandro Michieletto.<\/p>\n<p>La gara sar\u00e0 arbitrata da Alessandro Pietro Cavalieri e Paolo Scotti (3^ Andrea De Nardi). Video Check Mirco Crivellaro, segnapunti Alessandro Battisti.<\/p>\n<p>\u201cDopo il tie-break di domenica, ci siamo ritrovati stamattina per allenarci, e poi siamo partiti per Trento. Ci attende questo impegno a cui teniamo, contro un avversario di grandissimo valore. L\u2019obiettivo \u00e8 di giocare la nostra pallavolo a braccio libero, come fatto dal terzo set contro Civitanova: con lo spirito e la compattezza messi in mostra domenica scorsa nel terzo e quarto parziale, possiamo fare una grande prestazione. Sicuramente Trento avr\u00e0 grandi motivazioni perch\u00e9 si gioca il terzo posto, sappiamo che sar\u00e0 difficile, ma vogliamo onorare quest\u2019ultima gara di Regular Season\u201d, \u00e8 il commento del tecnico del Cisterna Volley Daniele Morato.<\/p>\n<p>In campo con Trento due ex Cisterna: Theo Faure (7 punti dai 300 nella Regular Season 2025\/26 e 8 attacchi vincenti dai 300 stagionali), e Jordi Ramon (15 punti dai 300 stagionali). Partita da ex anche per Daniele Mazzone (5 muri ai 600 nelle stagioni regolari).<\/p>\n","protected":false},"excerpt":{"rendered":"<p>Il Cisterna Volley giocher\u00e0 mercoled\u00ec 25 febbraio l&#8217;ultima giornata della regular season del campionato di Superlega. Appuntamento alle\u00a0 20.30 a Trento, in una gara che vale molto per l\u2019Itas che\u00a0 bisogno di un successo pieno per evitare brutte sorprese e blindare la terza posizione dall\u2019attacco di Modena (che ospita Verona) e Piacenza (di scena a [&hellip;]<\/p>\n","protected":false},"author":60,"featured_media":416941,"comment_status":"closed","ping_status":"open","sticky":false,"template":"","format":"standard","meta":{"footnotes":""},"categories":[17],"tags":[],"class_list":["post-416940","post","type-post","status-publish","format-standard","has-post-thumbnail","hentry","category-sport"],"_links":{"self":[{"href":"https:\/\/www.radioluna.it\/news\/wp-json\/wp\/v2\/posts\/416940","targetHints":{"allow":["GET"]}}],"collection":[{"href":"https:\/\/www.radioluna.it\/news\/wp-json\/wp\/v2\/posts"}],"about":[{"href":"https:\/\/www.radioluna.it\/news\/wp-json\/wp\/v2\/types\/post"}],"author":[{"embeddable":true,"href":"https:\/\/www.radioluna.it\/news\/wp-json\/wp\/v2\/users\/60"}],"replies":[{"embeddable":true,"href":"https:\/\/www.radioluna.it\/news\/wp-json\/wp\/v2\/comments?post=416940"}],"version-history":[{"count":1,"href":"https:\/\/www.radioluna.it\/news\/wp-json\/wp\/v2\/posts\/416940\/revisions"}],"predecessor-version":[{"id":416942,"href":"https:\/\/www.radioluna.it\/news\/wp-json\/wp\/v2\/posts\/416940\/revisions\/416942"}],"wp:featuredmedia":[{"embeddable":true,"href":"https:\/\/www.radioluna.it\/news\/wp-json\/wp\/v2\/media\/416941"}],"wp:attachment":[{"href":"https:\/\/www.radioluna.it\/news\/wp-json\/wp\/v2\/media?parent=416940"}],"wp:term":[{"taxonomy":"category","embeddable":true,"href":"https:\/\/www.radioluna.it\/news\/wp-json\/wp\/v2\/categories?post=416940"},{"taxonomy":"post_tag","embeddable":true,"href":"https:\/\/www.radioluna.it\/news\/wp-json\/wp\/v2\/tags?post=416940"}],"curies":[{"name":"wp","href":"https:\/\/api.w.org\/{rel}","templated":true}]}}