{"id":416949,"date":"2026-02-25T09:52:04","date_gmt":"2026-02-25T08:52:04","guid":{"rendered":"https:\/\/www.radioluna.it\/news\/?p=416949"},"modified":"2026-02-25T09:52:04","modified_gmt":"2026-02-25T08:52:04","slug":"tribunale-senza-tre-presidenti-di-sezione-gli-avvocati-sollecitano-le-nomine","status":"publish","type":"post","link":"https:\/\/www.radioluna.it\/news\/2026\/02\/tribunale-senza-tre-presidenti-di-sezione-gli-avvocati-sollecitano-le-nomine\/","title":{"rendered":"Tribunale senza tre presidenti di Sezione, gli Avvocati sollecitano le nomine"},"content":{"rendered":"<div id=\"fb-root\"><\/div>\n<p>LATINA &#8211; Il Consiglio dell&#8217;Ordine degli Avvocati di Latina scrive al Consiglio Superiore della Magistratura per sollecitare la nomina dei tre Presidenti di Sezione del Tribunale di Latina.<br \/>\n&#8220;La situazione attuale del secondo Tribunale del Lazio, per volume di affari ed Avvocati iscritti all&#8217;Ordine forense \u00e9 preoccupante per l&#8217;ordinario funzionamento delle Sezioni in cui \u00e8 ripartito l&#8217;Ufficio giudiziario&#8221;, si legge nella lettera firmata dal Presidente dell&#8217;Ordine, Giovanni Lauretti.<\/p>\n<p>Il quadro &#8211;\u00a0 cos\u00ec come riportato nella missiva degli Avvocati\u00a0 &#8211; \u00e8 il seguente: il Presidente della Seconda Sezione civile, Dr. Antonio Masone, \u00e8 stato recentemente nominato Presidente del Tribunale di Latina, lasciando quindi scoperta una sezione, mentre il Presidente della prima Sezione civile dal 31\/5\/25 ha cessato le Sue funzioni per il raggiungimento dei limiti di anzianit\u00e0. E dunque mancano due presidenti al civile. Mentre il Presidente della Sezione penale, Gian Luca Soana, che dirigeva tutta la sezione penale (compreso l&#8217;Ufficio GIP\/GUP) e presiedeva 5 Corti di Assise e il primo Collegio penale, ha lasciato l&#8217;Ufficio per la nomina a Presidente del Tribunale di Rieti.<\/p>\n<p>&#8221; Appare estremamente urgente e necessaria la nomina dei Presidenti delle tre Sezioni del Tribunale per garantire all&#8217;Ufficio la regolare funzionalit\u00e0 degli Uffici &#8211; conclude Lauretti &#8211; . Quella rappresentata \u00e8 una situazione non pi\u00f9 tollerabile che mina pesantemente la funzionalit\u00e0 e la credibilit\u00e0 di questo importante Ufficio giudiziario del Distretto della Corte di Appello di Roma, gravato anche da preoccupanti scoperture di organico di magistrati, ordinari ed onorari, e del personale amministrativo&#8221;.<\/p>\n","protected":false},"excerpt":{"rendered":"<p>LATINA &#8211; Il Consiglio dell&#8217;Ordine degli Avvocati di Latina scrive al Consiglio Superiore della Magistratura per sollecitare la nomina dei tre Presidenti di Sezione del Tribunale di Latina. &#8220;La situazione attuale del secondo Tribunale del Lazio, per volume di affari ed Avvocati iscritti all&#8217;Ordine forense \u00e9 preoccupante per l&#8217;ordinario funzionamento delle Sezioni in cui \u00e8 [&hellip;]<\/p>\n","protected":false},"author":60,"featured_media":416950,"comment_status":"closed","ping_status":"open","sticky":false,"template":"","format":"standard","meta":{"footnotes":""},"categories":[7],"tags":[],"class_list":["post-416949","post","type-post","status-publish","format-standard","has-post-thumbnail","hentry","category-cronaca"],"_links":{"self":[{"href":"https:\/\/www.radioluna.it\/news\/wp-json\/wp\/v2\/posts\/416949","targetHints":{"allow":["GET"]}}],"collection":[{"href":"https:\/\/www.radioluna.it\/news\/wp-json\/wp\/v2\/posts"}],"about":[{"href":"https:\/\/www.radioluna.it\/news\/wp-json\/wp\/v2\/types\/post"}],"author":[{"embeddable":true,"href":"https:\/\/www.radioluna.it\/news\/wp-json\/wp\/v2\/users\/60"}],"replies":[{"embeddable":true,"href":"https:\/\/www.radioluna.it\/news\/wp-json\/wp\/v2\/comments?post=416949"}],"version-history":[{"count":1,"href":"https:\/\/www.radioluna.it\/news\/wp-json\/wp\/v2\/posts\/416949\/revisions"}],"predecessor-version":[{"id":416951,"href":"https:\/\/www.radioluna.it\/news\/wp-json\/wp\/v2\/posts\/416949\/revisions\/416951"}],"wp:featuredmedia":[{"embeddable":true,"href":"https:\/\/www.radioluna.it\/news\/wp-json\/wp\/v2\/media\/416950"}],"wp:attachment":[{"href":"https:\/\/www.radioluna.it\/news\/wp-json\/wp\/v2\/media?parent=416949"}],"wp:term":[{"taxonomy":"category","embeddable":true,"href":"https:\/\/www.radioluna.it\/news\/wp-json\/wp\/v2\/categories?post=416949"},{"taxonomy":"post_tag","embeddable":true,"href":"https:\/\/www.radioluna.it\/news\/wp-json\/wp\/v2\/tags?post=416949"}],"curies":[{"name":"wp","href":"https:\/\/api.w.org\/{rel}","templated":true}]}}