{"id":417967,"date":"2026-02-25T18:21:05","date_gmt":"2026-02-25T17:21:05","guid":{"rendered":"https:\/\/www.radioluna.it\/news\/?p=417967"},"modified":"2026-02-25T18:21:05","modified_gmt":"2026-02-25T17:21:05","slug":"parroci-e-sindaci-dei-comuni-della-forania-di-sezze-si-confrontano-su-esigenze-e-bisogni-dei-territori","status":"publish","type":"post","link":"https:\/\/www.radioluna.it\/news\/2026\/02\/parroci-e-sindaci-dei-comuni-della-forania-di-sezze-si-confrontano-su-esigenze-e-bisogni-dei-territori\/","title":{"rendered":"Parroci e Sindaci dei Comuni della Forania di Sezze si confrontano su esigenze e bisogni dei territori"},"content":{"rendered":"<div id=\"fb-root\"><\/div>\n<p>SEZZE &#8211; &#8220;Un importante momento di collaborazione tra enti diversi e autonomi tra loro nell\u2019esclusivo interesse delle proprie comunit\u00e0&#8221;. Cos\u00ec la Curia ha definito l\u2019incontro tra i Parroci della Forania di Sezze e i Sindaci dei Comuni che rientrano in questa porzione di territorio della Diocesi di Latina, ospitato presso i locali della Parrocchia di S. Lucia, a Sezze. Il gruppo di parroci era guidato dal Vicario Foraneo di Sezze don Gianmarco Falcone, il quale ha dato il benvenuto ai Sindaci di Bassiano, Giovanbattista Onori; di Pontinia, Eligio Tombolillo; di Sermoneta, Giuseppina Giovannoli; di Sezze, Lidano Lucidi.<br \/>\nL\u2019obiettivo di questo incontro \u00e8 stato quello di avviare un dialogo tra comunit\u00e0 ecclesiale e amministrazioni civili, fondato sulla convinzione dell\u2019importanza della collaborazione tra Chiesa e istituzioni locali per il bene comune del territorio. Il confronto tra parroci e sindaci \u00e8 proseguito confrontandosi reciprocamente sui propri territori, sulla individuazione delle priorit\u00e0 sulle quali collaborare, sugli esempi virtuosi di collaborazioni gi\u00e0 esistenti e sulle esigenze e bisogni della comunit\u00e0 ecclesiale.<br \/>\nIl Vicario Foraneo di Sezze, don Gianmarco Falcone, ha cos\u00ec commentato l\u2019incontro: \u00abSono molto grato per questo dialogo, nato dal desiderio di ascoltarci reciprocamente e di condividere uno<br \/>\nsguardo comune sulle nostre comunit\u00e0. \u00c8 stato un momento semplice ma significativo, nel quale \u00e8 maturata la consapevolezza che la collaborazione tra Chiesa e istituzioni civili costituisce un impor tante servizio al bene delle persone e del territorio. L\u2019accoglienza cordiale e l\u2019entusiasmo condiviso ci incoraggiano a proseguire questo cammino, dando continuit\u00e0 al dialogo e auspicando forme con crete di collaborazione per affrontare nel rispetto delle specifiche autonomie le sfide sociali ed educative delle nostre comunit\u00e0\u00bb.<br \/>\nI sindaci hanno apprezzato questa possibilit\u00e0 di confronto e ciascuno ha riportato la sua esperienza. Per esempio, Lidano Lucidi, di Sezze, ha evidenziato \u00abcome la societ\u00e0 locale stia attraversando un processo di crescente irrigidimento e conflittualit\u00e0 sociale tale da rendere difficile una reale integrazione e un miglioramento complessivo della convivenza sociale\u00bb. Discorso importante per Sezze, la cui popolazione \u2013 ha specificato Lucidi \u2013 \u00e8 caratterizzata da una grande pluralit\u00e0 culturale (circa 79 etnie), con differenze significative nei modelli culturali e sociali, anche riguardo al ruolo della donna. Infine, sempre Lucidi ha segnalato tra le principali criticit\u00e0 \u00abla necessit\u00e0 di rafforzare la cultura della collaborazione e della gratuit\u00e0; la gestione delle situazioni di povert\u00e0, anche attraverso aiuti alimentari; le problematiche legate alle tossicodipendenze, per le quali \u00e8 stato recentemente aperto un centro di aiuto; il bisogno di una maggiore sinergia comunitaria per favorire l\u2019accoglienza e l\u2019inclusione sociale\u00bb.<br \/>\nDiversa l\u2019esperienza di Sermoneta, il cui sindaco Giuseppina Giovannoli ha spiegato che la realt\u00e0 del suo territorio \u00ab\u00e8 caratterizzata da buone esperienze di dialogo e collaborazione\u00bb, nonostante<br \/>\nla presenza di numerose borgate con chiese e scuole, secondo un modello storico ancora riconoscibile \u00abma con la permanenza di una divisione tra il centro storico e la zona di Pontenuovo, non sempre facilmente integrabili\u00bb. In particolare, Giovannoli ha evidenziato la presenza significativa della comunit\u00e0 indiana (impiegata nel settore agricolo) e della comunit\u00e0 cinese (attiva nel commercio), generalmente ben integrate; il buon dialogo tra parroci, amministrazione comunale e Carabinieri, specialmente nelle emergenze sociali (abbandono minorile, bullismo); la positiva collaborazione tra servizi sociali, Comune e parrocchie che \u00abcontribuiscono, attraverso oratori e associazioni, al coinvolgimento dei giovani, pur permanendo una quota di ragazzi difficilmente raggiungibile\u00bb. In termini pi\u00f9 generali, per il Sindaco Giovannoli anche nel suo territorio registra \u00abuna crescente fragilit\u00e0 delle famiglie, la tendenza a delegare alla scuola il ruolo educativo, la necessit\u00e0 di recuperare la responsabilit\u00e0 genitoriale, la presenza di nuove coppie residenti che faticano a inserirsi nella vita comuitaria\u00bb.<br \/>\nIl sindaco di Pontinia Eligio Tombolillo ha spiegato di condividere le analisi dei suoi colleghi perch\u00e9 nella media rappresentano dinamiche sociali tipiche dei territori pontini. Per esempio, anche<br \/>\nPontinia gi\u00e0 da anni pu\u00f2 definirsi un territorio con una societ\u00e0 multiculturale, grazie agli stranieri impiegati nelle aziende agricole del territorio. Tuttavia, Eligio Tombolillo ha voluto evidenziare \u00abla crescente disaffezione dei giovani verso iniziative sociali e comunitarie, una diffusa apatia rispetto ai temi della solidariet\u00e0 e dell\u2019impegno sociale, l\u2019importanza del lavoro svolto dalle Caritas e dalle realt\u00e0 di volontariato nel sostegno alle famiglie in difficolt\u00e0\u00bb.<br \/>\nL\u2019intervento di Giovanbattista Onori, sindaco di Bassiano, evidenzia la realt\u00e0 a volte problematiche delle Aree interne, \u00abcon una realt\u00e0 caratterizzata da una popolazione mediamente pi\u00f9 anziana<br \/>\ne da un forte radicamento nelle tradizioni\u00bb. Dal punto di vista sociale, Onori ha osservato che \u00abi bambini e gli anziani partecipano maggiormente alla vita ecclesiale, manca invece la fascia interme<br \/>\ndia della popolazione adulta (40\u201360 anni) anche se permane una positiva dimensione familiare e comunitaria\u00bb, mentre tra le principali criticit\u00e0 ha sottolineato \u00ablo spopolamento, fenomeno che richiede attenzione non solo politica ma anche comunitaria, attraverso piccoli interventi concreti e condivisi\u00bb.<br \/>\nDa parte loro, i Parroci della Forania di Sezze presenti hanno sottolineato l\u2019importanza di \u00abfar emergere e valorizzare gli aspetti positivi e le risorse del territorio, di migliorare la comunicazione e<br \/>\nla visibilit\u00e0 delle iniziative gi\u00e0 esistenti, di rafforzare la collaborazione tra comunit\u00e0 ecclesiale e istituzioni civili\u00bb.<br \/>\nInfine, i Sindaci hanno chiesto all\u2019unanimit\u00e0 di promuovere ulteriori momenti di confronto e di rendere operativo il percorso di confronto con i Parroci. Per i prossimi incontri, inoltre, hanno pro<br \/>\nposto di coinvolgere anche i servizi sociali e le istituzioni scolastiche, al fine di ampliare il dialogo educativo e sociale.<\/p>\n","protected":false},"excerpt":{"rendered":"<p>SEZZE &#8211; &#8220;Un importante momento di collaborazione tra enti diversi e autonomi tra loro nell\u2019esclusivo interesse delle proprie comunit\u00e0&#8221;. Cos\u00ec la Curia ha definito l\u2019incontro tra i Parroci della Forania di Sezze e i Sindaci dei Comuni che rientrano in questa porzione di territorio della Diocesi di Latina, ospitato presso i locali della Parrocchia di [&hellip;]<\/p>\n","protected":false},"author":62,"featured_media":417968,"comment_status":"closed","ping_status":"open","sticky":false,"template":"","format":"standard","meta":{"footnotes":""},"categories":[735],"tags":[],"class_list":["post-417967","post","type-post","status-publish","format-standard","has-post-thumbnail","hentry","category-attualita"],"_links":{"self":[{"href":"https:\/\/www.radioluna.it\/news\/wp-json\/wp\/v2\/posts\/417967","targetHints":{"allow":["GET"]}}],"collection":[{"href":"https:\/\/www.radioluna.it\/news\/wp-json\/wp\/v2\/posts"}],"about":[{"href":"https:\/\/www.radioluna.it\/news\/wp-json\/wp\/v2\/types\/post"}],"author":[{"embeddable":true,"href":"https:\/\/www.radioluna.it\/news\/wp-json\/wp\/v2\/users\/62"}],"replies":[{"embeddable":true,"href":"https:\/\/www.radioluna.it\/news\/wp-json\/wp\/v2\/comments?post=417967"}],"version-history":[{"count":1,"href":"https:\/\/www.radioluna.it\/news\/wp-json\/wp\/v2\/posts\/417967\/revisions"}],"predecessor-version":[{"id":417969,"href":"https:\/\/www.radioluna.it\/news\/wp-json\/wp\/v2\/posts\/417967\/revisions\/417969"}],"wp:featuredmedia":[{"embeddable":true,"href":"https:\/\/www.radioluna.it\/news\/wp-json\/wp\/v2\/media\/417968"}],"wp:attachment":[{"href":"https:\/\/www.radioluna.it\/news\/wp-json\/wp\/v2\/media?parent=417967"}],"wp:term":[{"taxonomy":"category","embeddable":true,"href":"https:\/\/www.radioluna.it\/news\/wp-json\/wp\/v2\/categories?post=417967"},{"taxonomy":"post_tag","embeddable":true,"href":"https:\/\/www.radioluna.it\/news\/wp-json\/wp\/v2\/tags?post=417967"}],"curies":[{"name":"wp","href":"https:\/\/api.w.org\/{rel}","templated":true}]}}