{"id":417990,"date":"2026-02-25T18:35:31","date_gmt":"2026-02-25T17:35:31","guid":{"rendered":"https:\/\/www.radioluna.it\/news\/?p=417990"},"modified":"2026-02-25T18:35:31","modified_gmt":"2026-02-25T17:35:31","slug":"boom-di-veicoli-senza-assicurazione-a-sabaudia-45-sequestri-dallinizio-dellanno","status":"publish","type":"post","link":"https:\/\/www.radioluna.it\/news\/2026\/02\/boom-di-veicoli-senza-assicurazione-a-sabaudia-45-sequestri-dallinizio-dellanno\/","title":{"rendered":"Boom di veicoli senza assicurazione a Sabaudia: 45 sequestri dall&#8217;inizio dell&#8217;anno"},"content":{"rendered":"<div id=\"fb-root\"><\/div>\n<p>Boom di veicoli senza assicurazione a Sabaudia. Dall\u2019inizio dell\u2019anno gli agenti della Polizia Locale di Sabaudia hanno effettuato 45 sequestri tra auto, moto e altri mezzi privi di copertura assicurativa.\u00a0Un dato che accende i riflettori su un fenomeno tutt\u2019altro che marginale. A rischiare di pi\u00f9 sono gli automobilisti in regola che, in caso di incidente con un veicolo sprovvisto di Rc auto, potrebbero trovarsi senza risarcimento o costretti a percorsi complessi per ottenere quanto dovuto.\u00a0Dai controlli emerge un quadro che smentisce alcuni luoghi comuni. La maggior parte dei trasgressori \u00e8 composta da cittadini italiani e, in diversi casi, si tratta di professionisti senza apparenti difficolt\u00e0 economiche. Non una necessit\u00e0, dunque, ma una scelta irresponsabile che espone a conseguenze pesanti sotto il profilo civile e amministrativo.\u00a0La Polizia Locale prosegue l\u2019attivit\u00e0 di vigilanza con controlli mirati, sottolineando come ogni veicolo non assicurato rappresenti un potenziale pericolo per la collettivit\u00e0. Garantire la copertura assicurativa non \u00e8 soltanto un obbligo di legge, ma una forma di tutela per s\u00e9 e per gli altri utenti della strada.\u00a0Il fenomeno dei mezzi non assicurati resta un campanello d\u2019allarme per il territorio, sul quale l\u2019amministrazione e il comando di Polizia Locale assicurano massima attenzione.<\/p>\n","protected":false},"excerpt":{"rendered":"<p>Boom di veicoli senza assicurazione a Sabaudia. Dall\u2019inizio dell\u2019anno gli agenti della Polizia Locale di Sabaudia hanno effettuato 45 sequestri tra auto, moto e altri mezzi privi di copertura assicurativa.\u00a0Un dato che accende i riflettori su un fenomeno tutt\u2019altro che marginale. A rischiare di pi\u00f9 sono gli automobilisti in regola che, in caso di incidente [&hellip;]<\/p>\n","protected":false},"author":5443,"featured_media":417991,"comment_status":"closed","ping_status":"open","sticky":false,"template":"","format":"standard","meta":{"footnotes":""},"categories":[7],"tags":[],"class_list":["post-417990","post","type-post","status-publish","format-standard","has-post-thumbnail","hentry","category-cronaca"],"_links":{"self":[{"href":"https:\/\/www.radioluna.it\/news\/wp-json\/wp\/v2\/posts\/417990","targetHints":{"allow":["GET"]}}],"collection":[{"href":"https:\/\/www.radioluna.it\/news\/wp-json\/wp\/v2\/posts"}],"about":[{"href":"https:\/\/www.radioluna.it\/news\/wp-json\/wp\/v2\/types\/post"}],"author":[{"embeddable":true,"href":"https:\/\/www.radioluna.it\/news\/wp-json\/wp\/v2\/users\/5443"}],"replies":[{"embeddable":true,"href":"https:\/\/www.radioluna.it\/news\/wp-json\/wp\/v2\/comments?post=417990"}],"version-history":[{"count":1,"href":"https:\/\/www.radioluna.it\/news\/wp-json\/wp\/v2\/posts\/417990\/revisions"}],"predecessor-version":[{"id":417992,"href":"https:\/\/www.radioluna.it\/news\/wp-json\/wp\/v2\/posts\/417990\/revisions\/417992"}],"wp:featuredmedia":[{"embeddable":true,"href":"https:\/\/www.radioluna.it\/news\/wp-json\/wp\/v2\/media\/417991"}],"wp:attachment":[{"href":"https:\/\/www.radioluna.it\/news\/wp-json\/wp\/v2\/media?parent=417990"}],"wp:term":[{"taxonomy":"category","embeddable":true,"href":"https:\/\/www.radioluna.it\/news\/wp-json\/wp\/v2\/categories?post=417990"},{"taxonomy":"post_tag","embeddable":true,"href":"https:\/\/www.radioluna.it\/news\/wp-json\/wp\/v2\/tags?post=417990"}],"curies":[{"name":"wp","href":"https:\/\/api.w.org\/{rel}","templated":true}]}}