{"id":419212,"date":"2026-03-02T09:15:29","date_gmt":"2026-03-02T08:15:29","guid":{"rendered":"https:\/\/www.radioluna.it\/news\/?p=419212"},"modified":"2026-03-02T09:27:52","modified_gmt":"2026-03-02T08:27:52","slug":"botta-e-risposta-tra-forza-italia-e-fratelli-ditalia-bruni-agli-azzurri-loro-comportamento-distruttivo","status":"publish","type":"post","link":"https:\/\/www.radioluna.it\/news\/2026\/03\/botta-e-risposta-tra-forza-italia-e-fratelli-ditalia-bruni-agli-azzurri-loro-comportamento-distruttivo\/","title":{"rendered":"Botta e risposta tra Forza Italia e Fratelli D&#8217;Italia, Bruni agli Azzurri: &#8220;Loro comportamento distruttivo&#8221;"},"content":{"rendered":"<div id=\"fb-root\"><\/div>\n<p style=\"text-align: justify;\"><strong>LATINA<\/strong> &#8211; Prosegue il botta e risposta interno alla maggioranza a Latina. Dopo le accuse in consiglio comunale da parte dei tre consiglieri azzurri Coriddi, Anzalone e Furlanetto che si ritengono puntualmente scavalcati nelle decisioni comunicate a cose fatte, replica il capogruppo di Fratelli d\u2019Italia Cesare Bruni : \u201cIl comportamento distruttivo \u00e8 quello di Forza Italia, non della maggioranza\u201d, scrive in una lunga nota.<\/p>\n<p style=\"text-align: justify;\">\u00abTrovo\u00a0 &#8211; aggiunge Bruni &#8211; le ultime dichiarazioni, o meglio le accuse, di Forza Italia nei miei confronti alquanto singolari. Definiscono i loro interventi tesi al dialogo, quando invece sono sembrati a tutti dei duri attacchi al Sindaco, a Fratelli d\u2019Italia e all\u2019intera maggioranza. Evidentemente io in primis, insieme a tanti altri, non abbiamo compreso questo metodo di dialogo\u201d.<\/p>\n<p style=\"text-align: justify;\">Poi aggiunge: \u00abDiscutere del metodo \u00e8 legittimo. Ma discutere del metodo non significa pretendere automaticamente di avere ragione n\u00e9 trasformare ogni divergenza in una crisi politica permanente. Non si pu\u00f2, con una mano, mettere continuamente in discussione l\u2019appoggio alla Giunta e, con l\u2019altra, lamentarsi di non essere considerati. Delle due l\u2019una. Fratelli d\u2019Italia, al contrario, rivendica con chiarezza e lealt\u00e0 il proprio sostegno al Sindaco Celentano e al programma scelto dai cittadini\u00bb. Infine il richiamo alla responsabilit\u00e0 politica: \u00abQueste polemiche non interessano ai cittadini. Sembrano un salto nel passato, a un centrodestra lacerato da tensioni interne. Tanto pi\u00f9 incomprensibili oggi, dopo aver ritrovato l\u2019unit\u00e0 del centrodestra in Provincia, ponendo fine a un decennio di governo politicamente anomalo. La citt\u00e0 ha bisogno di risposte urgenti, non di diatribe delle quali si fatica a comprendere le finalit\u00e0. Su queste risposte Fratelli d\u2019Italia \u00e8 sempre stata pronta \u2014 e resta pronta \u2014 al dialogo e al confronto, nel rispetto dei ruoli e dei luoghi istituzionali. Ma il dialogo presuppone responsabilit\u00e0, coerenza e spirito costruttivo. Non continue tensioni che indeboliscono l\u2019azione amministrativa\u00bb.<\/p>\n<p>&nbsp;<\/p>\n","protected":false},"excerpt":{"rendered":"<p>LATINA &#8211; Prosegue il botta e risposta interno alla maggioranza a Latina. Dopo le accuse in consiglio comunale da parte dei tre consiglieri azzurri Coriddi, Anzalone e Furlanetto che si ritengono puntualmente scavalcati nelle decisioni comunicate a cose fatte, replica il capogruppo di Fratelli d\u2019Italia Cesare Bruni : \u201cIl comportamento distruttivo \u00e8 quello di Forza [&hellip;]<\/p>\n","protected":false},"author":62,"featured_media":419213,"comment_status":"closed","ping_status":"open","sticky":false,"template":"","format":"standard","meta":{"footnotes":""},"categories":[8],"tags":[],"class_list":["post-419212","post","type-post","status-publish","format-standard","has-post-thumbnail","hentry","category-politica"],"_links":{"self":[{"href":"https:\/\/www.radioluna.it\/news\/wp-json\/wp\/v2\/posts\/419212","targetHints":{"allow":["GET"]}}],"collection":[{"href":"https:\/\/www.radioluna.it\/news\/wp-json\/wp\/v2\/posts"}],"about":[{"href":"https:\/\/www.radioluna.it\/news\/wp-json\/wp\/v2\/types\/post"}],"author":[{"embeddable":true,"href":"https:\/\/www.radioluna.it\/news\/wp-json\/wp\/v2\/users\/62"}],"replies":[{"embeddable":true,"href":"https:\/\/www.radioluna.it\/news\/wp-json\/wp\/v2\/comments?post=419212"}],"version-history":[{"count":1,"href":"https:\/\/www.radioluna.it\/news\/wp-json\/wp\/v2\/posts\/419212\/revisions"}],"predecessor-version":[{"id":419214,"href":"https:\/\/www.radioluna.it\/news\/wp-json\/wp\/v2\/posts\/419212\/revisions\/419214"}],"wp:featuredmedia":[{"embeddable":true,"href":"https:\/\/www.radioluna.it\/news\/wp-json\/wp\/v2\/media\/419213"}],"wp:attachment":[{"href":"https:\/\/www.radioluna.it\/news\/wp-json\/wp\/v2\/media?parent=419212"}],"wp:term":[{"taxonomy":"category","embeddable":true,"href":"https:\/\/www.radioluna.it\/news\/wp-json\/wp\/v2\/categories?post=419212"},{"taxonomy":"post_tag","embeddable":true,"href":"https:\/\/www.radioluna.it\/news\/wp-json\/wp\/v2\/tags?post=419212"}],"curies":[{"name":"wp","href":"https:\/\/api.w.org\/{rel}","templated":true}]}}