{"id":419229,"date":"2026-03-02T11:07:57","date_gmt":"2026-03-02T10:07:57","guid":{"rendered":"https:\/\/www.radioluna.it\/news\/?p=419229"},"modified":"2026-03-03T09:06:02","modified_gmt":"2026-03-03T08:06:02","slug":"il-corto-elda-di-massimo-ferrari-finalista-a-film-impresa-e-la-storia-della-dublo-di-latina-scalo","status":"publish","type":"post","link":"https:\/\/www.radioluna.it\/news\/2026\/03\/il-corto-elda-di-massimo-ferrari-finalista-a-film-impresa-e-la-storia-della-dublo-di-latina-scalo\/","title":{"rendered":"Il corto \u201cElda\u201d di Massimo Ferrari finalista a Film Impresa: in 9 minuti la storia di un&#8217;operaia della Dublo di Latina Scalo"},"content":{"rendered":"<div id=\"fb-root\"><\/div>\n<p style=\"text-align: justify;\">(nella foto in homepage la vera Elda Degli Stefani e l\u2019attrice Lorenza Indovina. Nella gallery, Massimo Ferrari, Gaia Capurso, le operaie che hanno partecipato al film, i tre bambini Francesco Ferrari \u2013 Soraya Sanfelici \u2013 Lorenzo Rapaccini\u00a0 e Elda da ragazza, interpretata da Aurora Rapaccini)<\/p>\n<p style=\"text-align: justify;\"><strong>LATINA\u00a0<\/strong>\u2013 E\u2019 finalista al Premio\u00a0Film Impresa\u00a0il cortometraggio scritto e diretto dal regista di Latina\u00a0\u00a0Massimo Ferrari,\u00a0\u201cElda\u201d\u00a0(prodotto da\u00a0Maga\u00a0Production\u00a0di\u00a0Gaia Capurso),\u00a0 che racconta in nove minuti la storia di una donna,\u00a0Elda Degli Stefani,\u00a0interpretata da\u00a0Lorenza Indovina, che ha vissuto buona parte della sua vita lavorando nella\u00a0Manifattura tessile\u00a0Dublo\u00a0di Latina Scalo. In finale \u00e8 andata anche la\u00a0colonna sonora\u00a0scritta dal musicista pontino\u00a0Francesco Ruggiero.<\/p>\n<p style=\"text-align: justify;\">Il corto, che sar\u00e0 proiettato il 2 marzo al Cinema Quattro Fontane di Roma, nella IV edizione del progetto ideato e organizzato da Unindustria, con il supporto di Confindustria, sar\u00e0 giudicato da una giuria presieduta da Sergio Castellitto nella sezione Migliore inedito, mentre le musiche saranno sottoposte al giudizio di un gruppo di esperti capitanati da Caterina Caselli.<\/p>\n<p style=\"text-align: justify;\"><strong>RACCONTARE I VALORI AZIENDALI<\/strong>\u00a0\u2013 \u201cIl 2 marzo sapremo com\u2019\u00e8 andata, per\u00f2 siamo molto contenti, perch\u00e9 \u00e8 un progetto importante che abbiamo realizzato dopo che\u00a0Massimo Marini\u00a0della\u00a0Dublo\u00a0ci ha coinvolto, spiegandoci di volere un tipo comunicazione diverso dallo spot, trovando una chiave di narrazione diversa. Quindi abbiamo pensato che potesse essere bello usare un linguaggio cinematografico che raccontasse i valori pi\u00f9 che il prodotto aziendale\u00a0 \u2013\u00a0 spiega il regista \u2013 . E l\u2019idea \u00e8 piaciuta a Marini\u201d.<\/p>\n<audio class=\"wp-audio-shortcode\" id=\"audio-419229-1\" preload=\"none\" style=\"width: 100%;\" controls=\"controls\"><source type=\"audio\/mpeg\" src=\"https:\/\/www.radioluna.it\/news\/wp-content\/uploads\/2026\/03\/massimo-Ferrari-breve-online-audio-converter.com_.mp3?_=1\" \/><a href=\"https:\/\/www.radioluna.it\/news\/wp-content\/uploads\/2026\/03\/massimo-Ferrari-breve-online-audio-converter.com_.mp3\">https:\/\/www.radioluna.it\/news\/wp-content\/uploads\/2026\/03\/massimo-Ferrari-breve-online-audio-converter.com_.mp3<\/a><\/audio>\n","protected":false},"excerpt":{"rendered":"<p>(nella foto in homepage la vera Elda Degli Stefani e l\u2019attrice Lorenza Indovina. Nella gallery, Massimo Ferrari, Gaia Capurso, le operaie che hanno partecipato al film, i tre bambini Francesco Ferrari \u2013 Soraya Sanfelici \u2013 Lorenzo Rapaccini\u00a0 e Elda da ragazza, interpretata da Aurora Rapaccini) LATINA\u00a0\u2013 E\u2019 finalista al Premio\u00a0Film Impresa\u00a0il cortometraggio scritto e diretto [&hellip;]<\/p>\n","protected":false},"author":62,"featured_media":419234,"comment_status":"closed","ping_status":"open","sticky":false,"template":"","format":"gallery","meta":{"footnotes":""},"categories":[735,2310],"tags":[],"class_list":["post-419229","post","type-post","status-publish","format-gallery","has-post-thumbnail","hentry","category-attualita","category-audio","post_format-post-format-gallery"],"_links":{"self":[{"href":"https:\/\/www.radioluna.it\/news\/wp-json\/wp\/v2\/posts\/419229","targetHints":{"allow":["GET"]}}],"collection":[{"href":"https:\/\/www.radioluna.it\/news\/wp-json\/wp\/v2\/posts"}],"about":[{"href":"https:\/\/www.radioluna.it\/news\/wp-json\/wp\/v2\/types\/post"}],"author":[{"embeddable":true,"href":"https:\/\/www.radioluna.it\/news\/wp-json\/wp\/v2\/users\/62"}],"replies":[{"embeddable":true,"href":"https:\/\/www.radioluna.it\/news\/wp-json\/wp\/v2\/comments?post=419229"}],"version-history":[{"count":2,"href":"https:\/\/www.radioluna.it\/news\/wp-json\/wp\/v2\/posts\/419229\/revisions"}],"predecessor-version":[{"id":419244,"href":"https:\/\/www.radioluna.it\/news\/wp-json\/wp\/v2\/posts\/419229\/revisions\/419244"}],"wp:featuredmedia":[{"embeddable":true,"href":"https:\/\/www.radioluna.it\/news\/wp-json\/wp\/v2\/media\/419234"}],"wp:attachment":[{"href":"https:\/\/www.radioluna.it\/news\/wp-json\/wp\/v2\/media?parent=419229"}],"wp:term":[{"taxonomy":"category","embeddable":true,"href":"https:\/\/www.radioluna.it\/news\/wp-json\/wp\/v2\/categories?post=419229"},{"taxonomy":"post_tag","embeddable":true,"href":"https:\/\/www.radioluna.it\/news\/wp-json\/wp\/v2\/tags?post=419229"}],"curies":[{"name":"wp","href":"https:\/\/api.w.org\/{rel}","templated":true}]}}