{"id":419318,"date":"2026-03-03T17:26:01","date_gmt":"2026-03-03T16:26:01","guid":{"rendered":"https:\/\/www.radioluna.it\/news\/?p=419318"},"modified":"2026-03-03T17:26:01","modified_gmt":"2026-03-03T16:26:01","slug":"fine-mandato-per-il-presidente-della-provincia-gerardo-stefanelli-lasciamo-un-ente-capace-di-guardare-al-futuro","status":"publish","type":"post","link":"https:\/\/www.radioluna.it\/news\/2026\/03\/fine-mandato-per-il-presidente-della-provincia-gerardo-stefanelli-lasciamo-un-ente-capace-di-guardare-al-futuro\/","title":{"rendered":"Fine mandato per il Presidente della Provincia Gerardo Stefanelli: &#8220;Lasciamo un ente capace di guardare al futuro&#8221;"},"content":{"rendered":"<div id=\"fb-root\"><\/div>\n<p style=\"text-align: justify;\">Si \u00e8 svolto oggi l\u2019ultimo Consiglio Provinciale del mandato del Presidente della Provincia di Latina, Gerardo Stefanelli. Nel suo intervento carico di emozione, Stefanelli ha ripercorso i quattro anni di amministrazione, inseriti in un percorso personale di oltre vent\u2019anni all\u2019interno dell\u2019Ente.<\/p>\n<p style=\"text-align: justify;\">IL RESOCONTO &#8211; Il rafforzamento della struttura amministrativa, con 68 nuove assunzioni, 932 giornate di formazione, incremento delle risorse accessorie e l\u2019introduzione di una polizza sanitaria integrativa; la digitalizzazione, con una riduzione del 77% dell\u2019uso della carta, l\u2019attivazione di nuove piattaforme telematiche e l\u2019adeguamento tecnologico dell\u2019Ente. Tra gli assi portanti dell\u2019azione amministrativa figurano edilizia scolastica, viabilit\u00e0 e ambiente. Sulle scuole sono stati investiti oltre 47 milioni di euro per messa in sicurezza, adeguamento sismico ed efficientamento energetico, con 43 progetti finanziati dal PNRR e oltre l\u201987% degli interventi completato. Importanti anche i risultati in termini di risparmio energetico e produzione da fonti rinnovabili. Sulla viabilit\u00e0 sono stati impegnati 26 milioni di euro in quattro anni per manutenzioni straordinarie, ponti e messa in sicurezza della rete provinciale, oltre a risorse dedicate al sostegno dei Comuni. Nel settore ambiente sono stati ridotti i tempi delle pratiche, erogati oltre 5,4 milioni ai Comuni per la raccolta differenziata e avviate iniziative su erosione costiera, tutela del mare e sostenibilit\u00e0. Centrale anche il tema della risorsa idrica: attraverso Egato 4 sono stati intercettati circa 92 milioni di euro di finanziamenti pubblici, di cui oltre 40 milioni dal PNRR, per il risanamento della rete e il miglioramento del servizio. Ampliata inoltre la platea del bonus idrico integrativo fino a 50 mila utenti. Grande attenzione \u00e8 stata riservata ai giovani, alla cultura e alla legalit\u00e0, con progetti rivolti alle scuole su educazione civica, sicurezza stradale, contrasto al bullismo, memoria storica ed educazione europea, oltre al rilancio della rete museale e alla valorizzazione dell\u2019Appia Regina Viarum come elemento identitario e strategico per lo sviluppo culturale e turistico.<\/p>\n<p style=\"text-align: justify;\">Il Presidente ha sottolineato come la Provincia abbia rafforzato il proprio ruolo di \u201cCasa dei Comuni\u201d, sostenendo gli enti locali nella progettazione e gestione delle opere, e ha rivendicato una gestione finanziaria solida, con conti in ordine.<\/p>\n<p style=\"text-align: justify;\">\u201cLasciamo una Provincia pi\u00f9 organizzata, pi\u00f9 moderna, pi\u00f9 vicina ai territori e capace di guardare al futuro\u201d, ha concluso Stefanelli, ringraziando consiglieri, sindaci, dirigenti e dipendenti per il lavoro svolto. \u201cLa politica \u00e8 servizio: si conclude un mandato, ma resta l\u2019impegno per il bene della comunit\u00e0.\u201d<\/p>\n<p style=\"text-align: justify;\">\n","protected":false},"excerpt":{"rendered":"<p>Si \u00e8 svolto oggi l\u2019ultimo Consiglio Provinciale del mandato del Presidente della Provincia di Latina, Gerardo Stefanelli. Nel suo intervento carico di emozione, Stefanelli ha ripercorso i quattro anni di amministrazione, inseriti in un percorso personale di oltre vent\u2019anni all\u2019interno dell\u2019Ente. IL RESOCONTO &#8211; Il rafforzamento della struttura amministrativa, con 68 nuove assunzioni, 932 giornate [&hellip;]<\/p>\n","protected":false},"author":62,"featured_media":419319,"comment_status":"closed","ping_status":"open","sticky":false,"template":"","format":"standard","meta":{"footnotes":""},"categories":[2256,8,2428],"tags":[5738],"class_list":["post-419318","post","type-post","status-publish","format-standard","has-post-thumbnail","hentry","category-prima-pagina","category-politica","category-primo-piano","tag-in-primo-piano"],"_links":{"self":[{"href":"https:\/\/www.radioluna.it\/news\/wp-json\/wp\/v2\/posts\/419318","targetHints":{"allow":["GET"]}}],"collection":[{"href":"https:\/\/www.radioluna.it\/news\/wp-json\/wp\/v2\/posts"}],"about":[{"href":"https:\/\/www.radioluna.it\/news\/wp-json\/wp\/v2\/types\/post"}],"author":[{"embeddable":true,"href":"https:\/\/www.radioluna.it\/news\/wp-json\/wp\/v2\/users\/62"}],"replies":[{"embeddable":true,"href":"https:\/\/www.radioluna.it\/news\/wp-json\/wp\/v2\/comments?post=419318"}],"version-history":[{"count":1,"href":"https:\/\/www.radioluna.it\/news\/wp-json\/wp\/v2\/posts\/419318\/revisions"}],"predecessor-version":[{"id":419320,"href":"https:\/\/www.radioluna.it\/news\/wp-json\/wp\/v2\/posts\/419318\/revisions\/419320"}],"wp:featuredmedia":[{"embeddable":true,"href":"https:\/\/www.radioluna.it\/news\/wp-json\/wp\/v2\/media\/419319"}],"wp:attachment":[{"href":"https:\/\/www.radioluna.it\/news\/wp-json\/wp\/v2\/media?parent=419318"}],"wp:term":[{"taxonomy":"category","embeddable":true,"href":"https:\/\/www.radioluna.it\/news\/wp-json\/wp\/v2\/categories?post=419318"},{"taxonomy":"post_tag","embeddable":true,"href":"https:\/\/www.radioluna.it\/news\/wp-json\/wp\/v2\/tags?post=419318"}],"curies":[{"name":"wp","href":"https:\/\/api.w.org\/{rel}","templated":true}]}}