{"id":419391,"date":"2026-03-05T08:42:22","date_gmt":"2026-03-05T07:42:22","guid":{"rendered":"https:\/\/www.radioluna.it\/news\/?p=419391"},"modified":"2026-03-05T08:42:22","modified_gmt":"2026-03-05T07:42:22","slug":"disagio-sanitario-a-ponza-e-ventotene-il-consiglio-provinciale-approva-la-proposta-di-legge","status":"publish","type":"post","link":"https:\/\/www.radioluna.it\/news\/2026\/03\/disagio-sanitario-a-ponza-e-ventotene-il-consiglio-provinciale-approva-la-proposta-di-legge\/","title":{"rendered":"Disagio sanitario a Ponza e Ventotene, il Consiglio Provinciale approva la proposta di legge"},"content":{"rendered":"<div id=\"fb-root\"><\/div>\n<p style=\"text-align: justify;\" data-start=\"24\" data-end=\"328\">Le Isole Pontine al centro dell\u2019attenzione del Consiglio Provinciale di Latina, che nella seduta del 3 marzo ha approvato all\u2019unanimit\u00e0 la proposta di legge per il riconoscimento del disagio del personale sanitario operante a <span class=\"hover:entity-accent entity-underline inline cursor-pointer align-baseline\"><span class=\"whitespace-normal\">Ponza<\/span><\/span> e <span class=\"hover:entity-accent entity-underline inline cursor-pointer align-baseline\"><span class=\"whitespace-normal\">Ventotene<\/span><\/span>.\u00a0Con la deliberazione, la Provincia esercita l\u2019iniziativa legislativa prevista dallo Statuto regionale, trasmettendo alla <span class=\"hover:entity-accent entity-underline inline cursor-pointer align-baseline\"><span class=\"whitespace-normal\">Regione Lazio<\/span><\/span> il testo recante disposizioni per il riconoscimento del disagio insulare e per il rafforzamento della continuit\u00e0 assistenziale nei presidi sanitari delle due isole.<\/p>\n<p style=\"text-align: justify;\" data-start=\"655\" data-end=\"929\">Il provvedimento nasce da una proposta dell\u2019<span class=\"hover:entity-accent entity-underline inline cursor-pointer align-baseline\"><span class=\"whitespace-normal\">Ordine delle Professioni Infermieristiche di Latina<\/span><\/span>, che aveva sollecitato un intervento normativo per affrontare le criticit\u00e0 legate all\u2019isolamento geografico e alle difficolt\u00e0 strutturali che incidono sull\u2019organizzazione dei servizi sanitari. La proposta prevede l\u2019introduzione di un\u2019indennit\u00e0 di disagio insulare, misure di sostegno per alloggio e trasporti, incentivi per garantire la copertura continuativa dei servizi, in particolare nei mesi invernali, programmi di telemedicina e l\u2019istituzione di un fondo regionale dedicato. Un modello che richiama l\u2019esperienza gi\u00e0 adottata dalla <span class=\"hover:entity-accent entity-underline inline cursor-pointer align-baseline\"><span class=\"whitespace-normal\">Regione Campania<\/span><\/span> per le proprie isole minori.<\/p>\n<p style=\"text-align: justify;\" data-start=\"1344\" data-end=\"1839\">Nel corso della seduta \u00e8 intervenuto il presidente dell\u2019OPI Latina, Ivano Giuliani, che ha sottolineato come il riconoscimento del disagio insulare rappresenti uno strumento per tutelare sia i professionisti sia il diritto alla salute delle comunit\u00e0 residenti. Il presidente della Provincia di Latina, Gerardo Stefanelli, ha parlato di un atto concreto di responsabilit\u00e0 verso Ponza e Ventotene, evidenziando la necessit\u00e0 di dotare il territorio di uno strumento normativo stabile e strutturale.<\/p>\n<p style=\"text-align: justify;\" data-start=\"1841\" data-end=\"2082\">La deliberazione sar\u00e0 ora trasmessa formalmente alla Regione Lazio per l\u2019avvio dell\u2019iter legislativo. L\u2019approvazione unanime segna un passaggio istituzionale rilevante nel percorso di rafforzamento dei servizi sanitari nelle isole pontine.<\/p>\n","protected":false},"excerpt":{"rendered":"<p>Le Isole Pontine al centro dell\u2019attenzione del Consiglio Provinciale di Latina, che nella seduta del 3 marzo ha approvato all\u2019unanimit\u00e0 la proposta di legge per il riconoscimento del disagio del personale sanitario operante a Ponza e Ventotene.\u00a0Con la deliberazione, la Provincia esercita l\u2019iniziativa legislativa prevista dallo Statuto regionale, trasmettendo alla Regione Lazio il testo recante [&hellip;]<\/p>\n","protected":false},"author":5443,"featured_media":419406,"comment_status":"closed","ping_status":"open","sticky":false,"template":"","format":"standard","meta":{"footnotes":""},"categories":[7],"tags":[],"class_list":["post-419391","post","type-post","status-publish","format-standard","has-post-thumbnail","hentry","category-cronaca"],"_links":{"self":[{"href":"https:\/\/www.radioluna.it\/news\/wp-json\/wp\/v2\/posts\/419391","targetHints":{"allow":["GET"]}}],"collection":[{"href":"https:\/\/www.radioluna.it\/news\/wp-json\/wp\/v2\/posts"}],"about":[{"href":"https:\/\/www.radioluna.it\/news\/wp-json\/wp\/v2\/types\/post"}],"author":[{"embeddable":true,"href":"https:\/\/www.radioluna.it\/news\/wp-json\/wp\/v2\/users\/5443"}],"replies":[{"embeddable":true,"href":"https:\/\/www.radioluna.it\/news\/wp-json\/wp\/v2\/comments?post=419391"}],"version-history":[{"count":2,"href":"https:\/\/www.radioluna.it\/news\/wp-json\/wp\/v2\/posts\/419391\/revisions"}],"predecessor-version":[{"id":419407,"href":"https:\/\/www.radioluna.it\/news\/wp-json\/wp\/v2\/posts\/419391\/revisions\/419407"}],"wp:featuredmedia":[{"embeddable":true,"href":"https:\/\/www.radioluna.it\/news\/wp-json\/wp\/v2\/media\/419406"}],"wp:attachment":[{"href":"https:\/\/www.radioluna.it\/news\/wp-json\/wp\/v2\/media?parent=419391"}],"wp:term":[{"taxonomy":"category","embeddable":true,"href":"https:\/\/www.radioluna.it\/news\/wp-json\/wp\/v2\/categories?post=419391"},{"taxonomy":"post_tag","embeddable":true,"href":"https:\/\/www.radioluna.it\/news\/wp-json\/wp\/v2\/tags?post=419391"}],"curies":[{"name":"wp","href":"https:\/\/api.w.org\/{rel}","templated":true}]}}