{"id":419752,"date":"2026-03-05T12:28:32","date_gmt":"2026-03-05T11:28:32","guid":{"rendered":"https:\/\/www.radioluna.it\/news\/?p=419752"},"modified":"2026-03-05T12:28:32","modified_gmt":"2026-03-05T11:28:32","slug":"lutto-in-casa-zaccheo-e-venuto-a-mancare-a-83-anni-giuseppe-fratello-dellex-sindaco-di-latina-oggi-i-funerali","status":"publish","type":"post","link":"https:\/\/www.radioluna.it\/news\/2026\/03\/lutto-in-casa-zaccheo-e-venuto-a-mancare-a-83-anni-giuseppe-fratello-dellex-sindaco-di-latina-oggi-i-funerali\/","title":{"rendered":"Lutto in casa Zaccheo: \u00e8 venuto a mancare a 83 anni Giuseppe fratello dell&#8217;ex sindaco di Latina, oggi i funerali"},"content":{"rendered":"<div id=\"fb-root\"><\/div>\n<p>LATINA &#8211;\u00a0 \u00c8 venuto a mancare all\u2019et\u00e0 di 83 anni Giuseppe \u201cPeppe\u201d Zaccheo, nato a Sermoneta il 14 settembre 1942. Uomo profondamente dedito alla famiglia, che ha fatto dell\u2019amore e del senso di responsabilit\u00e0 la guida della propria vita. Innamorato dei suoi nipoti Andrea e Irene, che erano per lui motivo di orgoglio e gioia infinita, sapeva regalare presenza e affetto sincero. Dopo la prematura scomparsa dei suoi genitori in un tragico incidente, insieme alla moglie ha finito di crescere e allevare i suoi fratelli, assumendosi responsabilit\u00e0 troppo grandi per la sua giovane et\u00e0, ma affrontandole con forza, dignit\u00e0 e amore. Un esempio di generosit\u00e0, sacrificio e umanit\u00e0 che rester\u00e0 per sempre nei cuori di chi lo ha conosciuto e amato. I funerali si terranno questo pomeriggio, gioved\u00ec 5 Marzo,\u00a0 i funerali alle ore 15 nella chiesa di Latina Scalo.<\/p>\n","protected":false},"excerpt":{"rendered":"<p>LATINA &#8211;\u00a0 \u00c8 venuto a mancare all\u2019et\u00e0 di 83 anni Giuseppe \u201cPeppe\u201d Zaccheo, nato a Sermoneta il 14 settembre 1942. Uomo profondamente dedito alla famiglia, che ha fatto dell\u2019amore e del senso di responsabilit\u00e0 la guida della propria vita. Innamorato dei suoi nipoti Andrea e Irene, che erano per lui motivo di orgoglio e gioia [&hellip;]<\/p>\n","protected":false},"author":5444,"featured_media":419871,"comment_status":"closed","ping_status":"open","sticky":false,"template":"","format":"standard","meta":{"footnotes":""},"categories":[7,734],"tags":[],"class_list":["post-419752","post","type-post","status-publish","format-standard","has-post-thumbnail","hentry","category-cronaca","category-evidenza"],"_links":{"self":[{"href":"https:\/\/www.radioluna.it\/news\/wp-json\/wp\/v2\/posts\/419752","targetHints":{"allow":["GET"]}}],"collection":[{"href":"https:\/\/www.radioluna.it\/news\/wp-json\/wp\/v2\/posts"}],"about":[{"href":"https:\/\/www.radioluna.it\/news\/wp-json\/wp\/v2\/types\/post"}],"author":[{"embeddable":true,"href":"https:\/\/www.radioluna.it\/news\/wp-json\/wp\/v2\/users\/5444"}],"replies":[{"embeddable":true,"href":"https:\/\/www.radioluna.it\/news\/wp-json\/wp\/v2\/comments?post=419752"}],"version-history":[{"count":1,"href":"https:\/\/www.radioluna.it\/news\/wp-json\/wp\/v2\/posts\/419752\/revisions"}],"predecessor-version":[{"id":419967,"href":"https:\/\/www.radioluna.it\/news\/wp-json\/wp\/v2\/posts\/419752\/revisions\/419967"}],"wp:featuredmedia":[{"embeddable":true,"href":"https:\/\/www.radioluna.it\/news\/wp-json\/wp\/v2\/media\/419871"}],"wp:attachment":[{"href":"https:\/\/www.radioluna.it\/news\/wp-json\/wp\/v2\/media?parent=419752"}],"wp:term":[{"taxonomy":"category","embeddable":true,"href":"https:\/\/www.radioluna.it\/news\/wp-json\/wp\/v2\/categories?post=419752"},{"taxonomy":"post_tag","embeddable":true,"href":"https:\/\/www.radioluna.it\/news\/wp-json\/wp\/v2\/tags?post=419752"}],"curies":[{"name":"wp","href":"https:\/\/api.w.org\/{rel}","templated":true}]}}