{"id":420468,"date":"2026-03-06T15:05:22","date_gmt":"2026-03-06T14:05:22","guid":{"rendered":"https:\/\/www.radioluna.it\/news\/?p=420468"},"modified":"2026-03-06T15:14:51","modified_gmt":"2026-03-06T14:14:51","slug":"8-marzo-convegno-della-asl-di-latina-che-riceve-la-crtificazione-di-genere-per-il-terzo-anno","status":"publish","type":"post","link":"https:\/\/www.radioluna.it\/news\/2026\/03\/8-marzo-convegno-della-asl-di-latina-che-riceve-la-crtificazione-di-genere-per-il-terzo-anno\/","title":{"rendered":"8 marzo, convegno della Asl di Latina che riceve la Certificazione di Genere per il terzo anno"},"content":{"rendered":"<div id=\"fb-root\"><\/div>\n<p style=\"text-align: justify;\"><strong>LATINA<\/strong> &#8211; Si \u00e8 collegata con la sala conferenze della Asl di Latina, dall\u2019Olanda, la campionessa olimpica Francesca Lollobrigida, vincitrice di due medaglie d\u2019oro nel pattinaggio di velocit\u00e0 alle Olimpiadi invernali di Milano-Cortina. \u00a0L&#8217;occasione il convegno intitolato \u201cUna storia globale, un impegno che genera valore\u201d, che si \u00e8 tenuto questa mattina (6 marzo) organizzato in vista della Giornata Internazionale della Donna che si celebra l&#8217;8 marzo.<\/p>\n<p style=\"text-align: justify;\">\u201cUna giornata positiva, pregna di contenuti, in prossimit\u00e0 della Giornata Internazionale della Donna, che non potr\u00e0 mai essere una festa fino a quando non ci sar\u00e0 vera parit\u00e0 di genere e di diritti in tutti gli ambiti della societ\u00e0, fino a quando dovremo fare i conti con sopraffazione fisica e psicologica. \u00c8 nostro dovere, ciascuno secondo il proprio ruolo, promuovere la cultura del rispetto e dell\u2019uguaglianza. La nostra Asl \u00e8 in prima linea su questo, con l\u2019adozione di buone pratiche che fanno la differenza\u201d, ha dichiarato la Direttrice Generale della Asl di Latina, Dott.ssa Sabrina Cenciarelli.<\/p>\n<p style=\"text-align: justify;\">Nel corso dell\u2019evento, la Asl di Latina ha ricevuto l\u2019Attestato di Certificazione di Genere, ottenuto per il terzo anno consecutivo, da parte dell&#8217;ente certiificatore Certifica Srl.<\/p>\n<p style=\"text-align: justify;\">L\u2019Assessora regionale alla Cultura, Pari Opportunit\u00e0, Politiche giovanili e della Famiglia, Renata Baldassarre, intervenuta in collegamento telefonico, ha illustrato le azioni strategiche e i risultati ottenuti dalla Regione Lazio nella promozione della parit\u00e0 di genere.<\/p>\n<p style=\"text-align: justify;\">La Dott.ssa Assunta Lombardi, Direttrice del Dipartimento di Staff e Presidente CUG Asl Latina, ha tracciato un interessante excursus sulle origini dell\u20198 marzo in Italia e nel mondo. La\u00a0Dott.ssa Micaela Danieli, Funzione Professionale Sviluppo competenze e processi parit\u00e0 di genere della Asl di Latina, ha illustrato i rilevanti progressi compiuti dall\u2019Azienda Sanitaria con un lavoro sapiente e scrupoloso che ha consentito di ottenere l\u2019ambita Certificazione di Genere.<\/p>\n<p style=\"text-align: justify;\">L\u2019evento si \u00e8 concluso con la premiazione di Donne delle Istituzioni, delle Forze dell\u2019Ordine e della Asl di Latina che si sono distinte nella leadership femminile, nella carriera professionale ma anche come promotrici di parit\u00e0 e uguaglianza.<\/p>\n<p style=\"text-align: justify;\">Presenti in sala la Prefetta di Latina Vittoria Ciaramella; la Procuratrice aggiunta della Procura della Repubblica di Latina, Luigia Spinelli; l&#8217;On. Giovanna Miele; la Sindaca di Latina Matilde Celentano; i Consiglieri regionali Orlando Tripodi e Vittorio Sambucci; la consigliera provinciale e comunale Simona Mul\u00e8.<\/p>\n<p style=\"text-align: justify;\">Durante l&#8217;evento anche la performance del Mezzosoprano Silvia Salvatori e di Valentina Pellecchia alla chitarra, nell&#8217; interpretazione \u201cVoci di donne\u201d dedicata proprio all\u2019impegno e alla dignit\u00e0 femminile.<\/p>\n","protected":false},"excerpt":{"rendered":"<p>LATINA &#8211; Si \u00e8 collegata con la sala conferenze della Asl di Latina, dall\u2019Olanda, la campionessa olimpica Francesca Lollobrigida, vincitrice di due medaglie d\u2019oro nel pattinaggio di velocit\u00e0 alle Olimpiadi invernali di Milano-Cortina. \u00a0L&#8217;occasione il convegno intitolato \u201cUna storia globale, un impegno che genera valore\u201d, che si \u00e8 tenuto questa mattina (6 marzo) organizzato in [&hellip;]<\/p>\n","protected":false},"author":62,"featured_media":420469,"comment_status":"closed","ping_status":"open","sticky":false,"template":"","format":"standard","meta":{"footnotes":""},"categories":[735],"tags":[],"class_list":["post-420468","post","type-post","status-publish","format-standard","has-post-thumbnail","hentry","category-attualita"],"_links":{"self":[{"href":"https:\/\/www.radioluna.it\/news\/wp-json\/wp\/v2\/posts\/420468","targetHints":{"allow":["GET"]}}],"collection":[{"href":"https:\/\/www.radioluna.it\/news\/wp-json\/wp\/v2\/posts"}],"about":[{"href":"https:\/\/www.radioluna.it\/news\/wp-json\/wp\/v2\/types\/post"}],"author":[{"embeddable":true,"href":"https:\/\/www.radioluna.it\/news\/wp-json\/wp\/v2\/users\/62"}],"replies":[{"embeddable":true,"href":"https:\/\/www.radioluna.it\/news\/wp-json\/wp\/v2\/comments?post=420468"}],"version-history":[{"count":3,"href":"https:\/\/www.radioluna.it\/news\/wp-json\/wp\/v2\/posts\/420468\/revisions"}],"predecessor-version":[{"id":420472,"href":"https:\/\/www.radioluna.it\/news\/wp-json\/wp\/v2\/posts\/420468\/revisions\/420472"}],"wp:featuredmedia":[{"embeddable":true,"href":"https:\/\/www.radioluna.it\/news\/wp-json\/wp\/v2\/media\/420469"}],"wp:attachment":[{"href":"https:\/\/www.radioluna.it\/news\/wp-json\/wp\/v2\/media?parent=420468"}],"wp:term":[{"taxonomy":"category","embeddable":true,"href":"https:\/\/www.radioluna.it\/news\/wp-json\/wp\/v2\/categories?post=420468"},{"taxonomy":"post_tag","embeddable":true,"href":"https:\/\/www.radioluna.it\/news\/wp-json\/wp\/v2\/tags?post=420468"}],"curies":[{"name":"wp","href":"https:\/\/api.w.org\/{rel}","templated":true}]}}