{"id":420519,"date":"2026-03-09T08:30:44","date_gmt":"2026-03-09T07:30:44","guid":{"rendered":"https:\/\/www.radioluna.it\/news\/?p=420519"},"modified":"2026-03-09T09:16:44","modified_gmt":"2026-03-09T08:16:44","slug":"referendum-a-latina-due-appuntamenti-per-il-si","status":"publish","type":"post","link":"https:\/\/www.radioluna.it\/news\/2026\/03\/referendum-a-latina-due-appuntamenti-per-il-si\/","title":{"rendered":"Referendum, a Latina due appuntamenti per il S\u00ec"},"content":{"rendered":"<div id=\"fb-root\"><\/div>\n<p style=\"text-align: justify;\"><strong>LATINA<\/strong> &#8211; Si avvicina il giorno per il Referendum sulla Giustizia, in programma il 22 e 23 marzo, e proseguono gli appuntamenti per illustrarlo. Luned\u00ec, a Latina, ce ne saranno due in contemporanea per sostenere le ragioni del S\u00ec.<\/p>\n<p style=\"text-align: justify;\">Luned\u00ec 9 marzo alle ore 17.30, presso l\u2019Hotel Europa di Latina, si terr\u00e0 l\u2019incontro pubblico dal titolo \u201cLe ragioni del S\u00ec \u2013 Referendum Giustizia 22-23 marzo 2026\u201d, promosso da Fratelli d\u2019Italia provincia di Latina per approfondire i temi al centro della consultazione referendaria. Ad aprire i lavori saranno i saluti istituzionali del senatore Nicola Calandrini, presidente della Federazione provinciale di Fratelli d\u2019Italia e presidente della 5\u00aa Commissione Bilancio del Senato. L\u2019iniziativa sar\u00e0 introdotta da Dino Iavarone, coordinatore comunale FdI Latina. Nel corso dell\u2019incontro interverranno il prof. Luigi Tivelli, giurista, politologo ed editorialista de Il Giornale, e il senatore Alberto Balboni, presidente della Commissione Affari Costituzionali del Senato. \u00abVogliamo offrire ai cittadini strumenti utili per comprendere i contenuti del referendum e le ragioni del s\u00ec, in un momento in cui \u00e8 fondamentale rafforzare l\u2019efficienza, l\u2019equilibrio e la credibilit\u00e0 del sistema giudiziario\u00bb, dichiara il senatore Nicola Calandrini.<\/p>\n<p style=\"text-align: justify;\">Sempre nel pomeriggio di luned\u00ec 9 marzo, stavolta al Circolo cittadino,\u00a0 si terr\u00e0 invece l&#8217;incontro dal titolo &#8220;Referendum, perch\u00e9 s\u00ec&#8221;, promosso dalla Lega (ore 17.45). Parteciperanno con l&#8217;onorevole Giovanna Miele che ne \u00e8 stata promotrice e che porter\u00e0 i saluti istituzionali,\u00a0 l&#8217;ex magistrata Simonetta Matone, parlamentare della Lega, Claudia Eccher, consigliera laica del Csm, e Maurizio Forte vicepresidente della Camera Penale di Latina. Modera l&#8217;avvocato del Foro di Latina, Dino Lucchetti.<\/p>\n<p>\u201cVotare S\u00ec al prossimo referendum significa sostenere una riforma che separa le carriere tra giudici e pubblici ministeri, rafforza l\u2019imparzialit\u00e0 del giudice e introduce strumenti per una maggiore trasparenza e responsabilit\u00e0 nella magistratura\u201d, dichiara l\u2019on. Miele.<\/p>\n<p>&nbsp;<\/p>\n<p>&nbsp;<\/p>\n","protected":false},"excerpt":{"rendered":"<p>LATINA &#8211; Si avvicina il giorno per il Referendum sulla Giustizia, in programma il 22 e 23 marzo, e proseguono gli appuntamenti per illustrarlo. Luned\u00ec, a Latina, ce ne saranno due in contemporanea per sostenere le ragioni del S\u00ec. Luned\u00ec 9 marzo alle ore 17.30, presso l\u2019Hotel Europa di Latina, si terr\u00e0 l\u2019incontro pubblico dal [&hellip;]<\/p>\n","protected":false},"author":62,"featured_media":420521,"comment_status":"closed","ping_status":"open","sticky":false,"template":"","format":"standard","meta":{"footnotes":""},"categories":[16],"tags":[],"class_list":["post-420519","post","type-post","status-publish","format-standard","has-post-thumbnail","hentry","category-appuntamenti"],"_links":{"self":[{"href":"https:\/\/www.radioluna.it\/news\/wp-json\/wp\/v2\/posts\/420519","targetHints":{"allow":["GET"]}}],"collection":[{"href":"https:\/\/www.radioluna.it\/news\/wp-json\/wp\/v2\/posts"}],"about":[{"href":"https:\/\/www.radioluna.it\/news\/wp-json\/wp\/v2\/types\/post"}],"author":[{"embeddable":true,"href":"https:\/\/www.radioluna.it\/news\/wp-json\/wp\/v2\/users\/62"}],"replies":[{"embeddable":true,"href":"https:\/\/www.radioluna.it\/news\/wp-json\/wp\/v2\/comments?post=420519"}],"version-history":[{"count":3,"href":"https:\/\/www.radioluna.it\/news\/wp-json\/wp\/v2\/posts\/420519\/revisions"}],"predecessor-version":[{"id":420634,"href":"https:\/\/www.radioluna.it\/news\/wp-json\/wp\/v2\/posts\/420519\/revisions\/420634"}],"wp:featuredmedia":[{"embeddable":true,"href":"https:\/\/www.radioluna.it\/news\/wp-json\/wp\/v2\/media\/420521"}],"wp:attachment":[{"href":"https:\/\/www.radioluna.it\/news\/wp-json\/wp\/v2\/media?parent=420519"}],"wp:term":[{"taxonomy":"category","embeddable":true,"href":"https:\/\/www.radioluna.it\/news\/wp-json\/wp\/v2\/categories?post=420519"},{"taxonomy":"post_tag","embeddable":true,"href":"https:\/\/www.radioluna.it\/news\/wp-json\/wp\/v2\/tags?post=420519"}],"curies":[{"name":"wp","href":"https:\/\/api.w.org\/{rel}","templated":true}]}}