{"id":420541,"date":"2026-03-07T12:47:22","date_gmt":"2026-03-07T11:47:22","guid":{"rendered":"https:\/\/www.radioluna.it\/news\/?p=420541"},"modified":"2026-03-07T12:47:27","modified_gmt":"2026-03-07T11:47:27","slug":"terracina-dragaggio-del-porto-affidatala-bonifica-bellica","status":"publish","type":"post","link":"https:\/\/www.radioluna.it\/news\/2026\/03\/terracina-dragaggio-del-porto-affidatala-bonifica-bellica\/","title":{"rendered":"Terracina, dragaggio del porto, affidata la bonifica bellica"},"content":{"rendered":"<div id=\"fb-root\"><\/div>\n<p style=\"text-align: justify;\"><strong>TERRACINA<\/strong> &#8211;\u00a0 Un passo in avanti verso il dragaggio del Porto di Terracina, per il quale l\u2019Amministrazione Comunale ha ricevuto un contributo dalla Regione Lazio di 400 mila euro. \u00c8 stato infatti affidato il Servizio di Bonifica Bellica Sistematica Subacquea per ordigni residuati bellici inesplosi nel fondale del porto di Terracina, un\u2019indagine preventiva obbligatoria per poi poter intervenire sulla barra sabbiosa. L\u2019importo dei lavori ammonta a 45.750 euro.<br \/>\nSono in corso intanto le procedure per la caratterizzazione delle sabbie e l\u2019adeguamento batimetrico &#8211; spiegano dal Comune &#8211; , indagini anche queste propedeutiche all\u2019intervento di dragaggio. A ottobre scorso \u00e8 stato affidato il Servizio Professionale per la redazione del Progetto di Fattibilit\u00e0 Tecnico-Economica, il Progetto Esecutivo e la direzione dei lavori per le attivit\u00e0 di indagini preliminari per le opere di somma urgenza relative alla messa in sicurezza per l\u2019accesso al porto.<br \/>\n\u00abL\u2019affidamento di questa indagine rappresenta un passaggio importante e necessario per poter procedere all\u2019intervento di dragaggio del porto. Un percorso complesso che prosegue grazie anche alle interlocuzioni che da subito abbiamo avviato con tutti gli attori interessati\u00bb, ha dichiarato il Vicesindaco Claudio De Felice.<br \/>\n\u00abIl nostro porto \u00e8 e deve restare uno snodo strategico di collegamento con le isole pontine per i passeggeri e per le merci, ed \u00e8 nostro dovere garantire la sicurezza a tutti i fruitori\u00bb, ha dichiarato il Sindaco di Terracina, Francesco Giannetti.<\/p>\n","protected":false},"excerpt":{"rendered":"<p>TERRACINA &#8211;\u00a0 Un passo in avanti verso il dragaggio del Porto di Terracina, per il quale l\u2019Amministrazione Comunale ha ricevuto un contributo dalla Regione Lazio di 400 mila euro. \u00c8 stato infatti affidato il Servizio di Bonifica Bellica Sistematica Subacquea per ordigni residuati bellici inesplosi nel fondale del porto di Terracina, un\u2019indagine preventiva obbligatoria per [&hellip;]<\/p>\n","protected":false},"author":62,"featured_media":420542,"comment_status":"closed","ping_status":"open","sticky":false,"template":"","format":"standard","meta":{"footnotes":""},"categories":[735],"tags":[],"class_list":["post-420541","post","type-post","status-publish","format-standard","has-post-thumbnail","hentry","category-attualita"],"_links":{"self":[{"href":"https:\/\/www.radioluna.it\/news\/wp-json\/wp\/v2\/posts\/420541","targetHints":{"allow":["GET"]}}],"collection":[{"href":"https:\/\/www.radioluna.it\/news\/wp-json\/wp\/v2\/posts"}],"about":[{"href":"https:\/\/www.radioluna.it\/news\/wp-json\/wp\/v2\/types\/post"}],"author":[{"embeddable":true,"href":"https:\/\/www.radioluna.it\/news\/wp-json\/wp\/v2\/users\/62"}],"replies":[{"embeddable":true,"href":"https:\/\/www.radioluna.it\/news\/wp-json\/wp\/v2\/comments?post=420541"}],"version-history":[{"count":2,"href":"https:\/\/www.radioluna.it\/news\/wp-json\/wp\/v2\/posts\/420541\/revisions"}],"predecessor-version":[{"id":420550,"href":"https:\/\/www.radioluna.it\/news\/wp-json\/wp\/v2\/posts\/420541\/revisions\/420550"}],"wp:featuredmedia":[{"embeddable":true,"href":"https:\/\/www.radioluna.it\/news\/wp-json\/wp\/v2\/media\/420542"}],"wp:attachment":[{"href":"https:\/\/www.radioluna.it\/news\/wp-json\/wp\/v2\/media?parent=420541"}],"wp:term":[{"taxonomy":"category","embeddable":true,"href":"https:\/\/www.radioluna.it\/news\/wp-json\/wp\/v2\/categories?post=420541"},{"taxonomy":"post_tag","embeddable":true,"href":"https:\/\/www.radioluna.it\/news\/wp-json\/wp\/v2\/tags?post=420541"}],"curies":[{"name":"wp","href":"https:\/\/api.w.org\/{rel}","templated":true}]}}