{"id":420586,"date":"2026-03-08T08:13:39","date_gmt":"2026-03-08T07:13:39","guid":{"rendered":"https:\/\/www.radioluna.it\/news\/?p=420586"},"modified":"2026-03-08T08:13:39","modified_gmt":"2026-03-08T07:13:39","slug":"latina-ritrovata-la-pace-in-maggioranza-avanti-tutta-fino-al-2028","status":"publish","type":"post","link":"https:\/\/www.radioluna.it\/news\/2026\/03\/latina-ritrovata-la-pace-in-maggioranza-avanti-tutta-fino-al-2028\/","title":{"rendered":"Latina. Ritrovata la pace in maggioranza, avanti tutta fino al 2028"},"content":{"rendered":"<div id=\"fb-root\"><\/div>\n<p>LATINA &#8211; La coalizione di centrodestra rinnova con convinzione il proprio sostegno al Sindaco Matilde Celentano e all\u2019azione di governo che l\u2019amministrazione sta portando avanti per la citt\u00e0 di Latina. Ieri \u00e8 stato sottoscritto un documento politico condiviso dai partiti della maggioranza e dai consiglieri comunali in cui si ribadisce l\u2019impegno a sostenere con determinazione il lavoro quotidiano del Sindaco Celentano, riconosciuto come punto di riferimento e guida dell\u2019azione amministrativa, nel garantire alla citt\u00e0 un governo all\u2019altezza delle aspettative dei cittadini. L\u2019obiettivo della coalizione \u00e8 proseguire nella realizzazione del programma di governo. Da fare ancora c\u2019\u00e8.<\/p>\n<p>Nei prossimi due anni si punta alla realizzazione di numerose opere pubbliche strategiche per la citt\u00e0, tra cui la riqualificazione degli impianti sportivi cittadini e dei borghi, gli interventi sul Palazzetto dello Sport, il Palazzo della Cultura, il Teatro Cafaro e la Biblioteca, oltre alle opere infrastrutturali come via Massaro e il ponte sul Mascarello. Avanti tutta anche con la manutenzione della rete stradale e del decoro urbano, settori che richiederanno investimenti importanti.\u00a0 Particolare attenzione sar\u00e0 dedicata anche al servizio di igiene urbana e alla situazione della societ\u00e0 ABC, per la quale diventa prioritario dare piena attuazione al Piano Celentano gi\u00e0 approvato in Consiglio comunale, con l\u2019obiettivo di garantire stabilit\u00e0 organizzativa, sostenibilit\u00e0 economica e continuit\u00e0 del servizio per i cittadini.<\/p>\n<p>Tra le priorit\u00e0 dell\u2019azione amministrativa vi sono inoltre la sicurezza e la vivibilit\u00e0 della citt\u00e0, anche attraverso il potenziamento dei sistemi di videosorveglianza e delle iniziative volte a rafforzare il controllo del territorio.<\/p>\n<p>\u201cRingrazio i partiti della coalizione e i consiglieri di maggioranza per il sostegno e il senso di responsabilit\u00e0 dimostrato. Il nostro obiettivo resta uno solo: lavorare con determinazione per dare a Latina le risposte che i cittadini aspettano. Nei prossimi mesi saremo impegnati a realizzare interventi importanti per la citt\u00e0 e continueremo a farlo con spirito di collaborazione e con la massima attenzione all\u2019interesse della comunit\u00e0\u201d, dichiara il Sindaco Matilde Celentano.<\/p>\n","protected":false},"excerpt":{"rendered":"<p>LATINA &#8211; La coalizione di centrodestra rinnova con convinzione il proprio sostegno al Sindaco Matilde Celentano e all\u2019azione di governo che l\u2019amministrazione sta portando avanti per la citt\u00e0 di Latina. Ieri \u00e8 stato sottoscritto un documento politico condiviso dai partiti della maggioranza e dai consiglieri comunali in cui si ribadisce l\u2019impegno a sostenere con determinazione [&hellip;]<\/p>\n","protected":false},"author":5444,"featured_media":420587,"comment_status":"closed","ping_status":"open","sticky":false,"template":"","format":"standard","meta":{"footnotes":""},"categories":[2256,8],"tags":[5738],"class_list":["post-420586","post","type-post","status-publish","format-standard","has-post-thumbnail","hentry","category-prima-pagina","category-politica","tag-in-primo-piano"],"_links":{"self":[{"href":"https:\/\/www.radioluna.it\/news\/wp-json\/wp\/v2\/posts\/420586","targetHints":{"allow":["GET"]}}],"collection":[{"href":"https:\/\/www.radioluna.it\/news\/wp-json\/wp\/v2\/posts"}],"about":[{"href":"https:\/\/www.radioluna.it\/news\/wp-json\/wp\/v2\/types\/post"}],"author":[{"embeddable":true,"href":"https:\/\/www.radioluna.it\/news\/wp-json\/wp\/v2\/users\/5444"}],"replies":[{"embeddable":true,"href":"https:\/\/www.radioluna.it\/news\/wp-json\/wp\/v2\/comments?post=420586"}],"version-history":[{"count":1,"href":"https:\/\/www.radioluna.it\/news\/wp-json\/wp\/v2\/posts\/420586\/revisions"}],"predecessor-version":[{"id":420588,"href":"https:\/\/www.radioluna.it\/news\/wp-json\/wp\/v2\/posts\/420586\/revisions\/420588"}],"wp:featuredmedia":[{"embeddable":true,"href":"https:\/\/www.radioluna.it\/news\/wp-json\/wp\/v2\/media\/420587"}],"wp:attachment":[{"href":"https:\/\/www.radioluna.it\/news\/wp-json\/wp\/v2\/media?parent=420586"}],"wp:term":[{"taxonomy":"category","embeddable":true,"href":"https:\/\/www.radioluna.it\/news\/wp-json\/wp\/v2\/categories?post=420586"},{"taxonomy":"post_tag","embeddable":true,"href":"https:\/\/www.radioluna.it\/news\/wp-json\/wp\/v2\/tags?post=420586"}],"curies":[{"name":"wp","href":"https:\/\/api.w.org\/{rel}","templated":true}]}}