{"id":420600,"date":"2026-03-08T10:37:20","date_gmt":"2026-03-08T09:37:20","guid":{"rendered":"https:\/\/www.radioluna.it\/news\/?p=420600"},"modified":"2026-03-08T10:37:20","modified_gmt":"2026-03-08T09:37:20","slug":"settimana-nazionale-per-la-lotta-ai-disturbi-dellalimentazione-la-torre-civica-si-tinge-di-lilla","status":"publish","type":"post","link":"https:\/\/www.radioluna.it\/news\/2026\/03\/settimana-nazionale-per-la-lotta-ai-disturbi-dellalimentazione-la-torre-civica-si-tinge-di-lilla\/","title":{"rendered":"Settimana nazionale per la lotta ai disturbi dell&#8217;alimentazione, la torre civica si tinge di lilla"},"content":{"rendered":"<div id=\"fb-root\"><\/div>\n<p>L\u2019orologio della Torre Civica di Latina si illumina di lilla, dall&#8217;8 al 15 marzo, per aderire alla settimana nazionale per la lotta contro i disturbi del comportamento alimentare, come richiesto dalle associazione Nuvole di Gloria, Enjoy Asd e associazione Mad.\u00a0 La settimana culminer\u00e0 con la giornata di domenica 15 marzo promossa da Anci e dall\u2019associazione Never give up onlus<br \/>\n&#8220;Un gesto simbolico su un tema delicato che richiede informazione, prevenzione e sostegno alle famiglie&#8221; spiega l&#8217;amministrazione. In Italia sono oltre 3 milioni e mezzo le persone in cura per disturbi alimentari, una realt\u00e0 in crescita che richiede la responsabilit\u00e0 e la sensibilit\u00e0 di tutta la comunit\u00e0. Il Comune di Latina \u00e8 al fianco di chi promuove una cultura dell\u2019ascolto e della cura<\/p>\n","protected":false},"excerpt":{"rendered":"<p>L\u2019orologio della Torre Civica di Latina si illumina di lilla, dall&#8217;8 al 15 marzo, per aderire alla settimana nazionale per la lotta contro i disturbi del comportamento alimentare, come richiesto dalle associazione Nuvole di Gloria, Enjoy Asd e associazione Mad.\u00a0 La settimana culminer\u00e0 con la giornata di domenica 15 marzo promossa da Anci e dall\u2019associazione [&hellip;]<\/p>\n","protected":false},"author":5444,"featured_media":420601,"comment_status":"closed","ping_status":"open","sticky":false,"template":"","format":"standard","meta":{"footnotes":""},"categories":[735,734],"tags":[],"class_list":["post-420600","post","type-post","status-publish","format-standard","has-post-thumbnail","hentry","category-attualita","category-evidenza"],"_links":{"self":[{"href":"https:\/\/www.radioluna.it\/news\/wp-json\/wp\/v2\/posts\/420600","targetHints":{"allow":["GET"]}}],"collection":[{"href":"https:\/\/www.radioluna.it\/news\/wp-json\/wp\/v2\/posts"}],"about":[{"href":"https:\/\/www.radioluna.it\/news\/wp-json\/wp\/v2\/types\/post"}],"author":[{"embeddable":true,"href":"https:\/\/www.radioluna.it\/news\/wp-json\/wp\/v2\/users\/5444"}],"replies":[{"embeddable":true,"href":"https:\/\/www.radioluna.it\/news\/wp-json\/wp\/v2\/comments?post=420600"}],"version-history":[{"count":1,"href":"https:\/\/www.radioluna.it\/news\/wp-json\/wp\/v2\/posts\/420600\/revisions"}],"predecessor-version":[{"id":420602,"href":"https:\/\/www.radioluna.it\/news\/wp-json\/wp\/v2\/posts\/420600\/revisions\/420602"}],"wp:featuredmedia":[{"embeddable":true,"href":"https:\/\/www.radioluna.it\/news\/wp-json\/wp\/v2\/media\/420601"}],"wp:attachment":[{"href":"https:\/\/www.radioluna.it\/news\/wp-json\/wp\/v2\/media?parent=420600"}],"wp:term":[{"taxonomy":"category","embeddable":true,"href":"https:\/\/www.radioluna.it\/news\/wp-json\/wp\/v2\/categories?post=420600"},{"taxonomy":"post_tag","embeddable":true,"href":"https:\/\/www.radioluna.it\/news\/wp-json\/wp\/v2\/tags?post=420600"}],"curies":[{"name":"wp","href":"https:\/\/api.w.org\/{rel}","templated":true}]}}