{"id":420603,"date":"2026-03-08T11:01:36","date_gmt":"2026-03-08T10:01:36","guid":{"rendered":"https:\/\/www.radioluna.it\/news\/?p=420603"},"modified":"2026-03-08T11:14:16","modified_gmt":"2026-03-08T10:14:16","slug":"ferma-condanna-della-cgil-sullo-striscione-sulla-donna-apparso-ai-giardinetti-a-latina","status":"publish","type":"post","link":"https:\/\/www.radioluna.it\/news\/2026\/03\/ferma-condanna-della-cgil-sullo-striscione-sulla-donna-apparso-ai-giardinetti-a-latina\/","title":{"rendered":"Ferma condanna della Cgil sullo striscione apparso ai giardinetti a Latina"},"content":{"rendered":"<div id=\"fb-root\"><\/div>\n<p>\u201cDonna quanto ti abbiamo amato ai bei tempi del Patriarcato\u201d\u00a0 lo striscione stato esposto davanti al Parco Falcone e Borsellino e trovato stamattina, ferma condanna della CGIL di Frosinone Latina.<br \/>\n&#8220;Si tratta di un messaggio gravissimo e offensivo, un vero e proprio oltraggio alla dignit\u00e0 delle donne e ai valori di uguaglianza, libert\u00e0 e rispetto che dovrebbero essere alla base della nostra convivenza civile. Un atto tanto pi\u00f9 vile perch\u00e9 compiuto nel giorno simbolo delle lotte e delle conquiste delle donne per i diritti, il lavoro e l\u2019emancipazione. Scrive in un comunicato la Cgil . Questo episodio rappresenta purtroppo il segno evidente di un clima culturale sempre pi\u00f9 regressivo, di un decadimento che rischia di trascinare la nostra societ\u00e0 all\u2019indietro, alimentando linguaggi e simboli che appartengono alle stagioni pi\u00f9 buie della storia sociale e civile del nostro Paese. Non possiamo e non vogliamo considerare quanto accaduto come una semplice provocazione. \u00c8 invece un fatto politico e culturale che va denunciato con forza, perch\u00e9 veicola un\u2019idea di societ\u00e0 fondata sulla subordinazione delle donne e sulla nostalgia per un sistema patriarcale che tante sofferenze e discriminazioni ha prodotto. Per questo chiediamo alle autorit\u00e0 competenti di accertare al pi\u00f9 presto le responsabilit\u00e0 di quanto accaduto. Se davvero la citt\u00e0 \u00e8 disseminata delle centinaia di telecamere installate da questa amministrazione con l\u2019obiettivo dichiarato di garantire sicurezza ai cittadini, ci aspettiamo che servano almeno a individuare chi si \u00e8 reso protagonista di questo gesto vergognoso. \u00a0Allo stesso tempo rivolgiamo un appello a tutte le forze democratiche, alle associazioni, al mondo del lavoro, alle cittadine e ai cittadini liberi: non possiamo restare indifferenti di fronte a segnali cos\u00ec evidenti di regressione culturale. \u00c8 necessario reagire, mobilitarsi e riaffermare con forza i valori dell\u2019uguaglianza, del rispetto e della piena dignit\u00e0 delle donne. Latina merita di pi\u00f9. La nostra comunit\u00e0 non pu\u00f2 accettare che il dibattito pubblico e il clima sociale vengano inquinati da messaggi misogini e nostalgici di un passato di discriminazione. La risposta deve essere collettiva, civile e determinata. La CGIL di Frosinone Latina continuer\u00e0 a impegnarsi, ogni giorno, perch\u00e9 i diritti delle donne, nel lavoro e nella societ\u00e0, siano difesi e rafforzati. Perch\u00e9 senza libert\u00e0 e uguaglianza per le donne non esiste democrazia piena.<\/p>\n","protected":false},"excerpt":{"rendered":"<p>\u201cDonna quanto ti abbiamo amato ai bei tempi del Patriarcato\u201d\u00a0 lo striscione stato esposto davanti al Parco Falcone e Borsellino e trovato stamattina, ferma condanna della CGIL di Frosinone Latina. &#8220;Si tratta di un messaggio gravissimo e offensivo, un vero e proprio oltraggio alla dignit\u00e0 delle donne e ai valori di uguaglianza, libert\u00e0 e rispetto [&hellip;]<\/p>\n","protected":false},"author":5444,"featured_media":420604,"comment_status":"closed","ping_status":"open","sticky":false,"template":"","format":"standard","meta":{"footnotes":""},"categories":[7,2256,2428],"tags":[5738],"class_list":["post-420603","post","type-post","status-publish","format-standard","has-post-thumbnail","hentry","category-cronaca","category-prima-pagina","category-primo-piano","tag-in-primo-piano"],"_links":{"self":[{"href":"https:\/\/www.radioluna.it\/news\/wp-json\/wp\/v2\/posts\/420603","targetHints":{"allow":["GET"]}}],"collection":[{"href":"https:\/\/www.radioluna.it\/news\/wp-json\/wp\/v2\/posts"}],"about":[{"href":"https:\/\/www.radioluna.it\/news\/wp-json\/wp\/v2\/types\/post"}],"author":[{"embeddable":true,"href":"https:\/\/www.radioluna.it\/news\/wp-json\/wp\/v2\/users\/5444"}],"replies":[{"embeddable":true,"href":"https:\/\/www.radioluna.it\/news\/wp-json\/wp\/v2\/comments?post=420603"}],"version-history":[{"count":2,"href":"https:\/\/www.radioluna.it\/news\/wp-json\/wp\/v2\/posts\/420603\/revisions"}],"predecessor-version":[{"id":420607,"href":"https:\/\/www.radioluna.it\/news\/wp-json\/wp\/v2\/posts\/420603\/revisions\/420607"}],"wp:featuredmedia":[{"embeddable":true,"href":"https:\/\/www.radioluna.it\/news\/wp-json\/wp\/v2\/media\/420604"}],"wp:attachment":[{"href":"https:\/\/www.radioluna.it\/news\/wp-json\/wp\/v2\/media?parent=420603"}],"wp:term":[{"taxonomy":"category","embeddable":true,"href":"https:\/\/www.radioluna.it\/news\/wp-json\/wp\/v2\/categories?post=420603"},{"taxonomy":"post_tag","embeddable":true,"href":"https:\/\/www.radioluna.it\/news\/wp-json\/wp\/v2\/tags?post=420603"}],"curies":[{"name":"wp","href":"https:\/\/api.w.org\/{rel}","templated":true}]}}