{"id":423933,"date":"2026-03-09T11:15:40","date_gmt":"2026-03-09T10:15:40","guid":{"rendered":"https:\/\/www.radioluna.it\/news\/?p=423933"},"modified":"2026-03-09T12:23:36","modified_gmt":"2026-03-09T11:23:36","slug":"a-marzo-nuovo-contratto-e-arretrati-per-dipendenti-e-dirigenti-del-comune-di-latina","status":"publish","type":"post","link":"https:\/\/www.radioluna.it\/news\/2026\/03\/a-marzo-nuovo-contratto-e-arretrati-per-dipendenti-e-dirigenti-del-comune-di-latina\/","title":{"rendered":"A marzo nuovo contratto e arretrati per dipendenti e dirigenti del Comune di Latina"},"content":{"rendered":"<div id=\"fb-root\"><\/div>\n<p style=\"text-align: justify;\"><strong>LATINA &#8211;<\/strong> Buone notizie per i dipendenti pubblici del Comune di Latina. Sono in arrivo con la busta paga di marzo gli arretrati contrattuali. \u201cQuesta delibera non \u00e8 un semplice atto dovuto, ma una scelta politica precisa: rimettere al centro il valore del lavoro \u2013 ha affermato la sindaca Celentano &#8211; Su indirizzo dell\u2019assessore Chiarato, abbiamo approvato una variazione di bilancio tempestiva per dare attuazione immediata ai nuovi contratti.<\/p>\n<p style=\"text-align: justify;\">Nella corrente mensilit\u00e0\u00a0 &#8211; spiegano dall&#8217;Ente &#8211; saranno erogati a tutti i dipendenti e dirigenti dell\u2019Ente gli arretrati delle pregresse annualit\u00e0 2024 e 2025 fino a febbraio 2026 e sar\u00e0 contestualmente aggiornato lo stipendio tabellare a regime a far data da marzo.<\/p>\n<p style=\"text-align: justify;\">\u201cAbbiamo lavorato \u2013 ha aggiunto l\u2019assessore Chiarato &#8211; con determinazione per far s\u00ec che i benefici dei nuovi Ccnl (Area e Comparto Funzioni Locali) fossero tangibili gi\u00e0 oggi, senza rinvii. \u00c8 un segnale di efficienza: mentre altrove i tempi della burocrazia si dilatano, a Latina la politica rispetta i patti con i lavoratori, garantendo che i frutti della contrattazione decorrano immediatamente dal giorno successivo alla stipula.\u201d<\/p>\n","protected":false},"excerpt":{"rendered":"<p>LATINA &#8211; Buone notizie per i dipendenti pubblici del Comune di Latina. Sono in arrivo con la busta paga di marzo gli arretrati contrattuali. \u201cQuesta delibera non \u00e8 un semplice atto dovuto, ma una scelta politica precisa: rimettere al centro il valore del lavoro \u2013 ha affermato la sindaca Celentano &#8211; Su indirizzo dell\u2019assessore Chiarato, [&hellip;]<\/p>\n","protected":false},"author":62,"featured_media":373176,"comment_status":"closed","ping_status":"open","sticky":false,"template":"","format":"standard","meta":{"footnotes":""},"categories":[735],"tags":[],"class_list":["post-423933","post","type-post","status-publish","format-standard","has-post-thumbnail","hentry","category-attualita"],"_links":{"self":[{"href":"https:\/\/www.radioluna.it\/news\/wp-json\/wp\/v2\/posts\/423933","targetHints":{"allow":["GET"]}}],"collection":[{"href":"https:\/\/www.radioluna.it\/news\/wp-json\/wp\/v2\/posts"}],"about":[{"href":"https:\/\/www.radioluna.it\/news\/wp-json\/wp\/v2\/types\/post"}],"author":[{"embeddable":true,"href":"https:\/\/www.radioluna.it\/news\/wp-json\/wp\/v2\/users\/62"}],"replies":[{"embeddable":true,"href":"https:\/\/www.radioluna.it\/news\/wp-json\/wp\/v2\/comments?post=423933"}],"version-history":[{"count":1,"href":"https:\/\/www.radioluna.it\/news\/wp-json\/wp\/v2\/posts\/423933\/revisions"}],"predecessor-version":[{"id":423934,"href":"https:\/\/www.radioluna.it\/news\/wp-json\/wp\/v2\/posts\/423933\/revisions\/423934"}],"wp:featuredmedia":[{"embeddable":true,"href":"https:\/\/www.radioluna.it\/news\/wp-json\/wp\/v2\/media\/373176"}],"wp:attachment":[{"href":"https:\/\/www.radioluna.it\/news\/wp-json\/wp\/v2\/media?parent=423933"}],"wp:term":[{"taxonomy":"category","embeddable":true,"href":"https:\/\/www.radioluna.it\/news\/wp-json\/wp\/v2\/categories?post=423933"},{"taxonomy":"post_tag","embeddable":true,"href":"https:\/\/www.radioluna.it\/news\/wp-json\/wp\/v2\/tags?post=423933"}],"curies":[{"name":"wp","href":"https:\/\/api.w.org\/{rel}","templated":true}]}}