{"id":423976,"date":"2026-03-10T09:11:47","date_gmt":"2026-03-10T08:11:47","guid":{"rendered":"https:\/\/www.radioluna.it\/news\/?p=423976"},"modified":"2026-03-10T09:11:47","modified_gmt":"2026-03-10T08:11:47","slug":"prossedi-tra-le-localita-delle-giornate-fai-di-primavera-il-21-e-22-marzo","status":"publish","type":"post","link":"https:\/\/www.radioluna.it\/news\/2026\/03\/prossedi-tra-le-localita-delle-giornate-fai-di-primavera-il-21-e-22-marzo\/","title":{"rendered":"Prossedi tra le localit\u00e0 delle Giornate FAI di Primavera il 21 e 22 marzo"},"content":{"rendered":"<div id=\"fb-root\"><\/div>\n<p style=\"text-align: justify;\">Prossedi entra tra le localit\u00e0 protagoniste delle Giornate FAI di Primavera, in programma il 21 e 22 marzo prossimi. Il borgo in provincia di Latina \u00e8 stato selezionato dalla delegazione FAI di Latina per prendere parte al pi\u00f9 grande evento nazionale dedicato alla valorizzazione del patrimonio culturale e paesaggistico italiano.<\/p>\n<p style=\"text-align: justify;\">\u2028\u00abSiamo molto felici per questo appuntamento perch\u00e9 il nostro territorio \u00e8 ricco di storia e di angoli da scoprire. Sar\u00e0 un piacere accogliere visitatori e appassionati nei nostri famosi Vicoli, che rappresentano un unicum e sono una delle caratteristiche pi\u00f9 suggestive del nostro centro storico\u00bb spiegano il sindaco Angelo Pincivero e l\u2019assessore Danilo Torella.<\/p>\n<p style=\"text-align: justify;\">L\u2019iniziativa, promossa dal FAI, Fondo Ambiente Italiano, coinvolger\u00e0 quest\u2019anno circa 400 citt\u00e0 in tutta Italia e consentir\u00e0 di visitare 780 luoghi di storia, arte e natura, molti dei quali normalmente chiusi al pubblico o poco conosciuti. Un\u2019occasione per scoprire angoli nascosti del territorio e valorizzare borghi, palazzi storici, chiese e percorsi di particolare interesse culturale e paesaggistico.<\/p>\n<p>L\u2019appuntamento con le Giornate FAI a Prossedi verr\u00e0 presentato ufficialmente venerd\u00ec 13 marzo alle 11.30 nel corso di una conferenza stampa in programma nell\u2019ex chiesa della Strammetta. L\u2019incontro rappresenter\u00e0 anche la prima occasione per illustrare nel dettaglio il programma delle visite e le iniziative previste nel borgo in occasione della manifestazione.<\/p>\n","protected":false},"excerpt":{"rendered":"<p>Prossedi entra tra le localit\u00e0 protagoniste delle Giornate FAI di Primavera, in programma il 21 e 22 marzo prossimi. Il borgo in provincia di Latina \u00e8 stato selezionato dalla delegazione FAI di Latina per prendere parte al pi\u00f9 grande evento nazionale dedicato alla valorizzazione del patrimonio culturale e paesaggistico italiano. \u2028\u00abSiamo molto felici per questo [&hellip;]<\/p>\n","protected":false},"author":5443,"featured_media":423977,"comment_status":"closed","ping_status":"open","sticky":false,"template":"","format":"standard","meta":{"footnotes":""},"categories":[16],"tags":[],"class_list":["post-423976","post","type-post","status-publish","format-standard","has-post-thumbnail","hentry","category-appuntamenti"],"_links":{"self":[{"href":"https:\/\/www.radioluna.it\/news\/wp-json\/wp\/v2\/posts\/423976","targetHints":{"allow":["GET"]}}],"collection":[{"href":"https:\/\/www.radioluna.it\/news\/wp-json\/wp\/v2\/posts"}],"about":[{"href":"https:\/\/www.radioluna.it\/news\/wp-json\/wp\/v2\/types\/post"}],"author":[{"embeddable":true,"href":"https:\/\/www.radioluna.it\/news\/wp-json\/wp\/v2\/users\/5443"}],"replies":[{"embeddable":true,"href":"https:\/\/www.radioluna.it\/news\/wp-json\/wp\/v2\/comments?post=423976"}],"version-history":[{"count":1,"href":"https:\/\/www.radioluna.it\/news\/wp-json\/wp\/v2\/posts\/423976\/revisions"}],"predecessor-version":[{"id":423978,"href":"https:\/\/www.radioluna.it\/news\/wp-json\/wp\/v2\/posts\/423976\/revisions\/423978"}],"wp:featuredmedia":[{"embeddable":true,"href":"https:\/\/www.radioluna.it\/news\/wp-json\/wp\/v2\/media\/423977"}],"wp:attachment":[{"href":"https:\/\/www.radioluna.it\/news\/wp-json\/wp\/v2\/media?parent=423976"}],"wp:term":[{"taxonomy":"category","embeddable":true,"href":"https:\/\/www.radioluna.it\/news\/wp-json\/wp\/v2\/categories?post=423976"},{"taxonomy":"post_tag","embeddable":true,"href":"https:\/\/www.radioluna.it\/news\/wp-json\/wp\/v2\/tags?post=423976"}],"curies":[{"name":"wp","href":"https:\/\/api.w.org\/{rel}","templated":true}]}}