{"id":423981,"date":"2026-03-10T09:19:29","date_gmt":"2026-03-10T08:19:29","guid":{"rendered":"https:\/\/www.radioluna.it\/news\/?p=423981"},"modified":"2026-03-10T09:19:29","modified_gmt":"2026-03-10T08:19:29","slug":"a-latina-la-prima-presentazione-del-meridiano-dedicato-ad-antonio-pennacchi","status":"publish","type":"post","link":"https:\/\/www.radioluna.it\/news\/2026\/03\/a-latina-la-prima-presentazione-del-meridiano-dedicato-ad-antonio-pennacchi\/","title":{"rendered":"A Latina la prima presentazione del Meridiano dedicato ad Antonio Pennacchi"},"content":{"rendered":"<div id=\"fb-root\"><\/div>\n<p style=\"text-align: justify;\" data-start=\"199\" data-end=\"595\">Sar\u00e0 Latina a ospitare la prima presentazione ufficiale di <em data-start=\"258\" data-end=\"272\">Opere scelte<\/em> di <span class=\"hover:entity-accent entity-underline inline cursor-pointer align-baseline\"><span class=\"whitespace-normal\">Antonio Pennacchi<\/span><\/span>, il volume pubblicato nella collana <span class=\"hover:entity-accent entity-underline inline cursor-pointer align-baseline\"><span class=\"whitespace-normal\">I Meridiani<\/span><\/span> e curato da <span class=\"hover:entity-accent entity-underline inline cursor-pointer align-baseline\"><span class=\"whitespace-normal\">Giuseppe Iannaccone<\/span><\/span>. L\u2019appuntamento \u00e8 in programma gioved\u00ec 19 marzo 2026, alle ore 18, nel foyer del teatro comunale \u201cGabriele D\u2019Annunzio\u201d, al Palazzo della Cultura di Latina.<\/p>\n<p style=\"text-align: justify;\" data-start=\"597\" data-end=\"934\">L\u2019iniziativa, promossa dal Comune di Latina insieme all\u2019Associazione Amici di Antonio Pennacchi, rappresenta un momento di particolare rilievo per la citt\u00e0. L\u2019ingresso dell\u2019opera dello scrittore pontino nella storica collana mondadoriana costituisce infatti uno dei pi\u00f9 alti riconoscimenti editoriali nel panorama letterario nazionale.<\/p>\n<p style=\"text-align: justify;\" data-start=\"936\" data-end=\"1291\">La serata si aprir\u00e0 con i saluti istituzionali del sindaco Matilde Celentano e della famiglia Pennacchi. Interverranno, insieme al curatore, <span class=\"hover:entity-accent entity-underline inline cursor-pointer align-baseline\"><span class=\"whitespace-normal\">Antonio Franchini<\/span><\/span>, <span class=\"hover:entity-accent entity-underline inline cursor-pointer align-baseline\"><span class=\"whitespace-normal\">Luciano Lanna<\/span><\/span>, <span class=\"hover:entity-accent entity-underline inline cursor-pointer align-baseline\"><span class=\"whitespace-normal\">Lorenzo Pavolini<\/span><\/span> e <span class=\"hover:entity-accent entity-underline inline cursor-pointer align-baseline\"><span class=\"whitespace-normal\">Alice Urciuolo<\/span><\/span>. L\u2019incontro sar\u00e0 coordinato da Maria Antonietta Garullo.<\/p>\n<p style=\"text-align: justify;\" data-start=\"1293\" data-end=\"1641\">Nel commentare l\u2019evento, il sindaco ha sottolineato come l\u2019ingresso di Pennacchi nei \u201cMeridiani\u201d rappresenti non solo un tributo accademico, ma anche un riconoscimento profondo per la citt\u00e0 che lo scrittore ha saputo raccontare e trasformare in materia epica e civile, restituendole dignit\u00e0 storica e centralit\u00e0 nel dibattito culturale nazionale.<\/p>\n<p style=\"text-align: justify;\" data-start=\"1643\" data-end=\"2146\">Il volume, in libreria dal 17 marzo, raccoglie quattro romanzi e due racconti centrali nella produzione dell\u2019autore: <em data-start=\"1760\" data-end=\"1768\">Mammut<\/em>, <em data-start=\"1770\" data-end=\"1778\">Palude<\/em>, <em data-start=\"1780\" data-end=\"1800\">Il fasciocomunista<\/em>, il primo capitolo di <span class=\"hover:entity-accent entity-underline inline cursor-pointer align-baseline\"><span class=\"whitespace-normal\">Canale Mussolini<\/span><\/span> \u2013 Premio Strega 2010 \u2013 oltre ai racconti <em data-start=\"1902\" data-end=\"1909\">Marco<\/em> e <em data-start=\"1912\" data-end=\"1920\">Manara<\/em> tratti da <em data-start=\"1931\" data-end=\"1941\">Shaw 150<\/em>. L\u2019edizione \u00e8 arricchita da una testimonianza di Antonio Franchini e offre una ricognizione ampia della scrittura di Pennacchi, capace di intrecciare memoria, territorio e storia del Novecento italiano.<\/p>\n<p style=\"text-align: justify;\" data-start=\"2148\" data-end=\"2572\">La scelta di Latina come sede della prima presentazione assume un valore simbolico forte: \u00e8 la citt\u00e0 che pi\u00f9 di ogni altra ha abitato l\u2019immaginario narrativo dello scrittore e che, attraverso la sua opera, \u00e8 entrata nel panorama letterario nazionale come luogo storico e identitario. L\u2019appuntamento del 19 marzo si propone dunque come un momento pubblico di riconoscimento del legame tra Pennacchi e il territorio pontino.<\/p>\n","protected":false},"excerpt":{"rendered":"<p>Sar\u00e0 Latina a ospitare la prima presentazione ufficiale di Opere scelte di Antonio Pennacchi, il volume pubblicato nella collana I Meridiani e curato da Giuseppe Iannaccone. L\u2019appuntamento \u00e8 in programma gioved\u00ec 19 marzo 2026, alle ore 18, nel foyer del teatro comunale \u201cGabriele D\u2019Annunzio\u201d, al Palazzo della Cultura di Latina. L\u2019iniziativa, promossa dal Comune di [&hellip;]<\/p>\n","protected":false},"author":5443,"featured_media":423982,"comment_status":"closed","ping_status":"open","sticky":false,"template":"","format":"standard","meta":{"footnotes":""},"categories":[16],"tags":[],"class_list":["post-423981","post","type-post","status-publish","format-standard","has-post-thumbnail","hentry","category-appuntamenti"],"_links":{"self":[{"href":"https:\/\/www.radioluna.it\/news\/wp-json\/wp\/v2\/posts\/423981","targetHints":{"allow":["GET"]}}],"collection":[{"href":"https:\/\/www.radioluna.it\/news\/wp-json\/wp\/v2\/posts"}],"about":[{"href":"https:\/\/www.radioluna.it\/news\/wp-json\/wp\/v2\/types\/post"}],"author":[{"embeddable":true,"href":"https:\/\/www.radioluna.it\/news\/wp-json\/wp\/v2\/users\/5443"}],"replies":[{"embeddable":true,"href":"https:\/\/www.radioluna.it\/news\/wp-json\/wp\/v2\/comments?post=423981"}],"version-history":[{"count":1,"href":"https:\/\/www.radioluna.it\/news\/wp-json\/wp\/v2\/posts\/423981\/revisions"}],"predecessor-version":[{"id":423983,"href":"https:\/\/www.radioluna.it\/news\/wp-json\/wp\/v2\/posts\/423981\/revisions\/423983"}],"wp:featuredmedia":[{"embeddable":true,"href":"https:\/\/www.radioluna.it\/news\/wp-json\/wp\/v2\/media\/423982"}],"wp:attachment":[{"href":"https:\/\/www.radioluna.it\/news\/wp-json\/wp\/v2\/media?parent=423981"}],"wp:term":[{"taxonomy":"category","embeddable":true,"href":"https:\/\/www.radioluna.it\/news\/wp-json\/wp\/v2\/categories?post=423981"},{"taxonomy":"post_tag","embeddable":true,"href":"https:\/\/www.radioluna.it\/news\/wp-json\/wp\/v2\/tags?post=423981"}],"curies":[{"name":"wp","href":"https:\/\/api.w.org\/{rel}","templated":true}]}}