{"id":424050,"date":"2026-03-10T19:30:28","date_gmt":"2026-03-10T18:30:28","guid":{"rendered":"https:\/\/www.radioluna.it\/news\/?p=424050"},"modified":"2026-03-10T19:31:38","modified_gmt":"2026-03-10T18:31:38","slug":"controllato-ai-domiciliari-insegue-e-aggredisce-i-poliziotti-arrestato","status":"publish","type":"post","link":"https:\/\/www.radioluna.it\/news\/2026\/03\/controllato-ai-domiciliari-insegue-e-aggredisce-i-poliziotti-arrestato\/","title":{"rendered":"Controllato ai domiciliari, insegue e aggredisce i poliziotti: arrestato"},"content":{"rendered":"<div id=\"fb-root\"><\/div>\n<p style=\"text-align: justify;\"><strong>CISTERNA &#8211;<\/strong> Ha aggredito i poliziotti durante un controllo, \u00e8 stato arrestato dalla Polizia di Stato a Cisterna un uomo, gi\u00e0 sottoposto a detenzione domiciliare. L&#8217;uomo, di nazionalit\u00e0 marocchina, nei giorni scorsi non era stato trovato al controllo, ed era stato denunciato per evasione. Ieri notte, durante un ulteriore controllo presso l\u2019abitazione dove stava scontando i domiciliari, ha reagito in maniera violenta: ha minacciato gli agenti, li ha seguiti all\u2019esterno dell\u2019abitazione e li ha aggrediti fisicamente.\u00a0L\u2019uomo \u00e8 stato condotto presso gli uffici del Commissariato e dichiarato in arresto per resistenza e minaccia a pubblico ufficiale, oltre che per il reato di evasione. Su disposizione del pubblico ministero di turno, \u00e8 stato trattenuto in camera di sicurezza e al termine del rito per direttissima, su richiesta di aggravamento del regime di espiazione della pena formulata dagli investigatori del Commissariato di Cisterna, il giudice ha emesso un ordine di carcerazione. L&#8217;uomo che questo pomeriggio \u00e8 stato condotto\u00a0\u00a0presso il carcere di Latina dove dovr\u00e0 espiare il residuo pena.<\/p>\n<p>&nbsp;<\/p>\n","protected":false},"excerpt":{"rendered":"<p>CISTERNA &#8211; Ha aggredito i poliziotti durante un controllo, \u00e8 stato arrestato dalla Polizia di Stato a Cisterna un uomo, gi\u00e0 sottoposto a detenzione domiciliare. L&#8217;uomo, di nazionalit\u00e0 marocchina, nei giorni scorsi non era stato trovato al controllo, ed era stato denunciato per evasione. Ieri notte, durante un ulteriore controllo presso l\u2019abitazione dove stava scontando [&hellip;]<\/p>\n","protected":false},"author":62,"featured_media":379102,"comment_status":"closed","ping_status":"open","sticky":false,"template":"","format":"standard","meta":{"footnotes":""},"categories":[7,2256,2428],"tags":[5738],"class_list":["post-424050","post","type-post","status-publish","format-standard","has-post-thumbnail","hentry","category-cronaca","category-prima-pagina","category-primo-piano","tag-in-primo-piano"],"_links":{"self":[{"href":"https:\/\/www.radioluna.it\/news\/wp-json\/wp\/v2\/posts\/424050","targetHints":{"allow":["GET"]}}],"collection":[{"href":"https:\/\/www.radioluna.it\/news\/wp-json\/wp\/v2\/posts"}],"about":[{"href":"https:\/\/www.radioluna.it\/news\/wp-json\/wp\/v2\/types\/post"}],"author":[{"embeddable":true,"href":"https:\/\/www.radioluna.it\/news\/wp-json\/wp\/v2\/users\/62"}],"replies":[{"embeddable":true,"href":"https:\/\/www.radioluna.it\/news\/wp-json\/wp\/v2\/comments?post=424050"}],"version-history":[{"count":2,"href":"https:\/\/www.radioluna.it\/news\/wp-json\/wp\/v2\/posts\/424050\/revisions"}],"predecessor-version":[{"id":424052,"href":"https:\/\/www.radioluna.it\/news\/wp-json\/wp\/v2\/posts\/424050\/revisions\/424052"}],"wp:featuredmedia":[{"embeddable":true,"href":"https:\/\/www.radioluna.it\/news\/wp-json\/wp\/v2\/media\/379102"}],"wp:attachment":[{"href":"https:\/\/www.radioluna.it\/news\/wp-json\/wp\/v2\/media?parent=424050"}],"wp:term":[{"taxonomy":"category","embeddable":true,"href":"https:\/\/www.radioluna.it\/news\/wp-json\/wp\/v2\/categories?post=424050"},{"taxonomy":"post_tag","embeddable":true,"href":"https:\/\/www.radioluna.it\/news\/wp-json\/wp\/v2\/tags?post=424050"}],"curies":[{"name":"wp","href":"https:\/\/api.w.org\/{rel}","templated":true}]}}