{"id":424233,"date":"2026-03-12T12:49:37","date_gmt":"2026-03-12T11:49:37","guid":{"rendered":"https:\/\/www.radioluna.it\/news\/?p=424233"},"modified":"2026-03-12T13:59:35","modified_gmt":"2026-03-12T12:59:35","slug":"terminati-i-lavori-la-biblioteca-adriano-olivetti-e-stata-formalmente-restituita-al-settore-cultura-e-beni-culturali","status":"publish","type":"post","link":"https:\/\/www.radioluna.it\/news\/2026\/03\/terminati-i-lavori-la-biblioteca-adriano-olivetti-e-stata-formalmente-restituita-al-settore-cultura-e-beni-culturali\/","title":{"rendered":"Terracina, terminati i lavori alla Biblioteca Adriano Olivetti"},"content":{"rendered":"<div id=\"fb-root\"><\/div>\n<p>TERRACINA &#8211; Terminati i lavori e gli ultimi adempimenti burocratici, la Biblioteca Adriano Olivetti \u00e8 stata formalmente restituita al Settore Cultura e Beni Culturali. Dopo il completamento dei lavori per il recupero funzionale e delle condizioni di fruizione della Biblioteca, infatti, sono stati approvati il SAL finale dei lavori e il certificato di regolare esecuzione relativi agli interventi principali e complementari dell\u2019opera.\u00a0Risale infatti al 19 maggio 2022 l\u2019atto d\u2019obbligo sottoscritto con il quale il Comune di Terracina era stato ammesso a un finanziamento regionale pari a 300 mila euro, con un cofinanziamento di 75 mila euro a carico del Comune stesso per gli interventi di recupero e miglioramento della Biblioteca Olivetti.<\/p>\n<p>L\u2019intervento per\u00f2 non era stato inserito nel piano triennale delle opere pubbliche approvato l\u20198 maggio 2023 dal Commissario Straordinario. Per questo \u00e8 stata necessaria una variazione del piano triennale delle opere pubbliche, promossa dall\u2019Assessore Claudio De Felice, di concerto con il Sindaco Francesco Giannetti e l&#8217;Assessore alla Cultura Alessandra Feudi.<\/p>\n<p>\u00c8 stata anche necessaria la rielaborazione del quadro economico e di tutti gli elaborati progettuali dal momento che nel 2023 sono entrati in vigore il nuovo prezzario delle Opere Pubbliche e il nuovo codice dei contratti.<\/p>\n<p>\u00abUn altro piccolo passo completato, un risultato significativo per tutta la nostra comunit\u00e0. Ringrazio la Responsabile Unica del Progetto, Arch. Imperia Di Girolamo e la Dirigente Luisa Arcese che hanno operato con attenzione pur oberate da numerosi altri incarichi. La collega Feudi ha gi\u00e0 in atto le attivit\u00e0 per giungere alla riapertura al pubblico\u00bb, ha dichiarato il Vicesindaco e Assessore alle Grandi Opere, Infrastrutture e PNRR Claudio De Felice.<\/p>\n<p>\u00abStiamo lavorando con entusiasmo gi\u00e0 da tempo per mettere in campo quanto necessario per arredare la Biblioteca rinnovata e collocare tutto il materiale bibliografico nella nuova veste che abbiamo programmato, per offrire nuovamente ai cittadini un punto di riferimento fondamentale per la formazione e la condivisione\u00bb, ha dichiarato l\u2019Assessore alla Cultura Alessandra Feudi.<\/p>\n<p>\u00abRestituire la Biblioteca Olivetti alla Citt\u00e0 \u00e8 sempre stato un nostro obiettivo perch\u00e9 non \u00e8 soltanto un edificio che torna a vivere, ma un luogo di incontro e di crescita per tutta la comunit\u00e0\u00bb, ha dichiarato il Sindaco di Terracina, Francesco Giannetti.<\/p>\n","protected":false},"excerpt":{"rendered":"<p>TERRACINA &#8211; Terminati i lavori e gli ultimi adempimenti burocratici, la Biblioteca Adriano Olivetti \u00e8 stata formalmente restituita al Settore Cultura e Beni Culturali. Dopo il completamento dei lavori per il recupero funzionale e delle condizioni di fruizione della Biblioteca, infatti, sono stati approvati il SAL finale dei lavori e il certificato di regolare esecuzione [&hellip;]<\/p>\n","protected":false},"author":5444,"featured_media":424234,"comment_status":"closed","ping_status":"open","sticky":false,"template":"","format":"standard","meta":{"footnotes":""},"categories":[735,734],"tags":[],"class_list":["post-424233","post","type-post","status-publish","format-standard","has-post-thumbnail","hentry","category-attualita","category-evidenza"],"_links":{"self":[{"href":"https:\/\/www.radioluna.it\/news\/wp-json\/wp\/v2\/posts\/424233","targetHints":{"allow":["GET"]}}],"collection":[{"href":"https:\/\/www.radioluna.it\/news\/wp-json\/wp\/v2\/posts"}],"about":[{"href":"https:\/\/www.radioluna.it\/news\/wp-json\/wp\/v2\/types\/post"}],"author":[{"embeddable":true,"href":"https:\/\/www.radioluna.it\/news\/wp-json\/wp\/v2\/users\/5444"}],"replies":[{"embeddable":true,"href":"https:\/\/www.radioluna.it\/news\/wp-json\/wp\/v2\/comments?post=424233"}],"version-history":[{"count":2,"href":"https:\/\/www.radioluna.it\/news\/wp-json\/wp\/v2\/posts\/424233\/revisions"}],"predecessor-version":[{"id":424252,"href":"https:\/\/www.radioluna.it\/news\/wp-json\/wp\/v2\/posts\/424233\/revisions\/424252"}],"wp:featuredmedia":[{"embeddable":true,"href":"https:\/\/www.radioluna.it\/news\/wp-json\/wp\/v2\/media\/424234"}],"wp:attachment":[{"href":"https:\/\/www.radioluna.it\/news\/wp-json\/wp\/v2\/media?parent=424233"}],"wp:term":[{"taxonomy":"category","embeddable":true,"href":"https:\/\/www.radioluna.it\/news\/wp-json\/wp\/v2\/categories?post=424233"},{"taxonomy":"post_tag","embeddable":true,"href":"https:\/\/www.radioluna.it\/news\/wp-json\/wp\/v2\/tags?post=424233"}],"curies":[{"name":"wp","href":"https:\/\/api.w.org\/{rel}","templated":true}]}}