{"id":424255,"date":"2026-03-12T14:30:28","date_gmt":"2026-03-12T13:30:28","guid":{"rendered":"https:\/\/www.radioluna.it\/news\/?p=424255"},"modified":"2026-03-12T14:55:17","modified_gmt":"2026-03-12T13:55:17","slug":"luca-argentero-diretto-da-edoardo-al-teatro-nino-canale-di-fondi","status":"publish","type":"post","link":"https:\/\/www.radioluna.it\/news\/2026\/03\/luca-argentero-diretto-da-edoardo-al-teatro-nino-canale-di-fondi\/","title":{"rendered":"Luca Argentero diretto da Edoardo Leo al Teatro Nino Canale di Fondi"},"content":{"rendered":"<div id=\"fb-root\"><\/div>\n<p style=\"text-align: justify;\"><strong>FONDI<\/strong> &#8211;\u00a0 Dalla serie Tv di successo Avvocato Ligas, al teatro.\u00a0 Luca Argentero sar\u00e0 protagonista al Teatro Citt\u00e0 di Fondi \u201cNino Canale\u201d di \u201c\u00c8 questa la vita che sognavo da bambino?\u201d, per la regia di Edoardo Leo. Lo spettacolo, scritto da Gianni Corsi, Luca Argentero e Edoardo Leo, con le musiche di Davide Cavuti,\u00a0 nell&#8217;ambito della rassegna proposta da Comune di Fondi e ATCL, Circuito Multidisciplinare del Lazio sostenuto da MIC \u2013 Ministero della Cultura e dalla Regione Lazio, in collaborazione con Vincenzo Berti e Gianluca Bonanno per Ventidieci, sar\u00e0 in scema il 28 maggio,<\/p>\n<p style=\"text-align: justify;\">Luca Argentero (in foto credit Angelo Redaelli) racconta le storie di tre grandi personaggi dalle vite straordinarie che hanno inciso profondamente nella societ\u00e0, nella storia e nella loro disciplina. Raccontati sia dal punto di vista umano che sociale, con una particolare attenzione al racconto dei tempi in cui hanno vissuto:\u00a0 Luisin Malabrocca, Walter Bonatti e Alberto Tomba, tre sportivi italiani che hanno fatto sognare, tifare, ridere e commuovere varie generazioni di italiani.<\/p>\n<p style=\"text-align: justify;\">Luisin Malabrocca, \u201cl\u2019inventore\u201d della Maglia Nera, il ciclista che nel primo Giro d\u2019Italia dopo la guerra si accorse per caso che arrivare ultimo, in una Italia devastata come quella del \u201846, faceva simpatia alla gente: riceveva salami, formaggi e olio come regali di solidariet\u00e0. Automaticamente attir\u00f2 anche l\u2019attenzione di alcuni sponsor, fino a farlo guadagnare di pi\u00f9 l\u2019arrivare ultimo che tentare la vittoria. In poco tempo \u00e8 arrivata anche la popolarit\u00e0. In lui le persone hanno riconosciuto l\u2019antieroe che \u00e8 nel cuore di ogni italiano, ma, insieme alla popolarit\u00e0, sono arrivati nuovi sfidanti in una incredibile corsa a chi arriva ultimo.<\/p>\n<p style=\"text-align: justify;\">Walter Bonatti, l\u2019alpinista che dopo aver superato incredibili sfide con la roccia, il clima e la montagna, arrivato a oltre ottomila metri d\u2019altezza, quasi sulla cima di una delle montagne pi\u00f9 difficili da scalare del mondo, il K2, scopr\u00ec a sue spese che la minaccia pi\u00f9 grande per l\u2019uomo \u00e8 l\u2019uomo stesso.Eppure, la grande delusione del K2 lo ha spinto ancora pi\u00f9 in l\u00e0 a mettersi alla prova in nuove sfide in solitaria, nuove scalate impossibili e infine a viaggiare in tutto il mondo. Tutto ci\u00f2 per trovare la cosa pi\u00f9 importante della vita: se stesso.<\/p>\n<p style=\"text-align: justify;\">Alberto Tomba, il campione olimpico che ha fermato il Festival di Sanremo con le sue vittorie. L\u2019insolito sciatore bolognese che con la sua leggerezza nella vita e aggressivit\u00e0 sulla pista \u00e8 arrivato a essere conosciuto in tutto il mondo come \u201cTomba la bomba\u201d. Uno dei pi\u00f9 grandi campioni della storia dello sci che ha radunato intorno alle sue gare tutta la nazione, incarnando la rinascita italiana forse illusoria ma sicuramente spensierata degli anni \u201880.<\/p>\n<p style=\"text-align: justify;\">Tre storie completamente diverse l\u2019una dall\u2019altra, tre personaggi accomunati da una sola caratteristica, essere diventati, ognuno a modo proprio, degli eroi.<\/p>\n<p style=\"text-align: justify;\">Lo spettacolo \u00e8 prodotto da Stefano Francioni Produzioni e organizzato da Vincenzo Berti e Gianluca Bonanno per Ventidieci.<\/p>\n<p>&nbsp;<\/p>\n","protected":false},"excerpt":{"rendered":"<p>FONDI &#8211;\u00a0 Dalla serie Tv di successo Avvocato Ligas, al teatro.\u00a0 Luca Argentero sar\u00e0 protagonista al Teatro Citt\u00e0 di Fondi \u201cNino Canale\u201d di \u201c\u00c8 questa la vita che sognavo da bambino?\u201d, per la regia di Edoardo Leo. Lo spettacolo, scritto da Gianni Corsi, Luca Argentero e Edoardo Leo, con le musiche di Davide Cavuti,\u00a0 nell&#8217;ambito [&hellip;]<\/p>\n","protected":false},"author":62,"featured_media":424256,"comment_status":"closed","ping_status":"open","sticky":false,"template":"","format":"standard","meta":{"footnotes":""},"categories":[16],"tags":[],"class_list":["post-424255","post","type-post","status-publish","format-standard","has-post-thumbnail","hentry","category-appuntamenti"],"_links":{"self":[{"href":"https:\/\/www.radioluna.it\/news\/wp-json\/wp\/v2\/posts\/424255","targetHints":{"allow":["GET"]}}],"collection":[{"href":"https:\/\/www.radioluna.it\/news\/wp-json\/wp\/v2\/posts"}],"about":[{"href":"https:\/\/www.radioluna.it\/news\/wp-json\/wp\/v2\/types\/post"}],"author":[{"embeddable":true,"href":"https:\/\/www.radioluna.it\/news\/wp-json\/wp\/v2\/users\/62"}],"replies":[{"embeddable":true,"href":"https:\/\/www.radioluna.it\/news\/wp-json\/wp\/v2\/comments?post=424255"}],"version-history":[{"count":2,"href":"https:\/\/www.radioluna.it\/news\/wp-json\/wp\/v2\/posts\/424255\/revisions"}],"predecessor-version":[{"id":424260,"href":"https:\/\/www.radioluna.it\/news\/wp-json\/wp\/v2\/posts\/424255\/revisions\/424260"}],"wp:featuredmedia":[{"embeddable":true,"href":"https:\/\/www.radioluna.it\/news\/wp-json\/wp\/v2\/media\/424256"}],"wp:attachment":[{"href":"https:\/\/www.radioluna.it\/news\/wp-json\/wp\/v2\/media?parent=424255"}],"wp:term":[{"taxonomy":"category","embeddable":true,"href":"https:\/\/www.radioluna.it\/news\/wp-json\/wp\/v2\/categories?post=424255"},{"taxonomy":"post_tag","embeddable":true,"href":"https:\/\/www.radioluna.it\/news\/wp-json\/wp\/v2\/tags?post=424255"}],"curies":[{"name":"wp","href":"https:\/\/api.w.org\/{rel}","templated":true}]}}