{"id":424268,"date":"2026-03-12T16:29:35","date_gmt":"2026-03-12T15:29:35","guid":{"rendered":"https:\/\/www.radioluna.it\/news\/?p=424268"},"modified":"2026-03-12T16:29:47","modified_gmt":"2026-03-12T15:29:47","slug":"regione-lazio-schiboni-fi-si-dimette-da-assessore-dopo-la-nomina-in-agenas","status":"publish","type":"post","link":"https:\/\/www.radioluna.it\/news\/2026\/03\/regione-lazio-schiboni-fi-si-dimette-da-assessore-dopo-la-nomina-in-agenas\/","title":{"rendered":"Regione Lazio, Schiboni (FI) si dimette da assessore dopo la nomina in Agenas"},"content":{"rendered":"<div id=\"fb-root\"><\/div>\n<p style=\"text-align: justify;\">Si \u00e8 dimesso da assessore regionale alla Scuola, al Lavoro e all&#8217;Urbanistica, Giuseppe Schiboni di FI, gi\u00e0 sindaco di San Felice Circeo, da subito nell&#8217;esecutivo del presidente Rocca. L&#8217;incarico cesser\u00e0 domani 13 marzo 2026.\u00a0 Lo annuncia lui stesso con una nota spiegandone le ragioni:\u00a0 \u00abSi \u00e8 conclusa in questi giorni una fase importante del mio percorso politico e amministrativo. Dal 13 marzo 2026 saranno effettive le mie dimissioni da Assessore regionale del Lazio, presentate a seguito della nomina, da parte del Ministero della Salute, nel Consiglio di amministrazione di Agenas. La seriet\u00e0 e l\u2019impegno richiesti dal nuovo incarico, pur in assenza di incompatibilit\u00e0 formali, rendono impossibile mantenere entrambi i ruoli, anche e soprattutto nel rispetto delle comunit\u00e0 che siamo chiamati a rappresentare e della responsabilit\u00e0 che la guida di un assessorato comporta\u00bb.<\/p>\n<p style=\"text-align: justify;\">Tracciando il bilancio della sua attivit\u00e0, l&#8217;assessore ringrazia\u00a0 &#8220;il coordinatore regionale di Forza Italia, Claudio Fazzone, tutto il partito, i colleghi di giunta, i consiglieri di maggioranza ed opposizione in consiglio regionale ed il presidente Rocca per la fiducia accordata in questi anni di mandato. Un grazie particolare lo rivolgo a tutta la struttura regionale, ad ogni singolo dipendente, a partire dal direttore Elisabetta Longo e dal direttore Emanuele Calcagni, che con tutti i loro dirigenti hanno svolto un lavoro costante segnato da professionalit\u00e0, disponibilit\u00e0 e massimo rigore&#8221;.<\/p>\n<p style=\"text-align: justify;\">\u00abIn questi anni\u00a0 &#8211; dichiara &#8211; ho cercato di definire alcuni denominatori comuni alle deleghe che mi sono state affidate: equit\u00e0, lotta alle disuguaglianze, merito, programmazione, discontinuit\u00e0, operativit\u00e0, confronto. Sono temi chiave del nostro tempo, soprattutto nella fase storica che stiamo vivendo, con cui la nostra giunta ha dovuto fare i conti fin dal primo giorno. \u00c8 con questo spirito che abbiamo lavorato alle misure per tutelare lavoratrici e lavoratori, creare occupazione stabile e di qualit\u00e0, ad esempio investendo su questo una mole straordinaria di risorse per formazione e politiche attive, concertando con le parti sociali, datoriali regionali e territoriali il loro utilizzo. Ma anche rafforzando l\u2019impegno per ottimizzare l\u2019incontro tra domanda e offerta di competenze, rivolgendo particolare attenzione a giovani, donne, persone con disabilit\u00e0, aree interne e di crisi. Tutte azioni messe in atto dopo attento e scrupoloso lavoro di studio e approfondimento per dare una linea di discontinuit\u00e0 rispetto al passato, evitare politiche di natura assistenzialista, accorciare la forbice mismatch, concertate con associazioni datoriali e sindacati\u00bb, prosegue.<\/p>\n<p style=\"text-align: justify;\">\u00abHo proceduto \u2013 argomenta l\u2019Assessore &#8211; al potenziamento dell\u2019osservatorio regionale delle politiche per il lavoro, per la formazione e per l\u2019istruzione che promuove lo studio dei fenomeni e degli andamenti del mercato del lavoro regionale nel Lazio per avere dati costanti e sempre aggiornati fondamentali per rendere sempre pi\u00f9 efficaci e mirati gli interventi che mettiamo a terra. Siamo sempre stati in prima linea, e con tempestivit\u00e0, per svolgere un ruolo di garanzia costante nelle procedure di crisi che si sono aperte sul territorio, attuando sempre una politica di ascolto e propositiva anche laddove le soluzioni sembravano lontane\u00bb.<\/p>\n<p style=\"text-align: justify;\">\u00abGrazie alle risorse del programma FSE + &#8211; aggiunge &#8211; abbiamo pubblicato bandi come \u201cSpazio Sviluppo\u201d rivolto ai Comuni\/Unioni di Comuni per la creazione di spazi dedicati ai servizi per i cittadini, \u201cAcchiappa Talenti\u201d, dedicato alle imprese per favorire l\u2019inserimento lavorativo di giovani e adulti altamente qualificati e il &#8220;rientro dei talenti&#8221; nel Lazio per un importo di oltre 21milioni di euro. Ad oggi abbiamo investito 5milioni di euro per gli Interventi di consulenza, formazione e informazione nelle imprese sulla salute e sicurezza nei luoghi di lavoro, ed investito su bandi mirati all\u2019occupazione di giovani ed over 50 (bandi Salgo e Risalgo) un totale di 42 milioni di euro tra il 2024 e il 2025. Dopo oltre 10 anni di inerzia abbiamo segnato un ulteriore passo concreto verso l\u2019inclusione lavorativa delle persone con disabilit\u00e0 con la pubblicazione dell\u2019avviso pubblico per il finanziamento di misure per favorire l\u2019inserimento lavorativo delle persone con disabilit\u00e0 per un importo pari a 10 milioni di euro\u00bb.<\/p>\n<p style=\"text-align: justify;\">\u00abNell\u2019azione di riforma del sistema delle politiche attive del lavoro e della formazione, tra le altre cose, abbiamo valorizzato il rapporto di collaborazione pubblico-privato, teso a rafforzare la cooperazione tra i soggetti della rete regionale dei servizi per il lavoro nel Lazio e consentendo anche agli operatori accreditati per i servizi al lavoro di supportare i CpI nelle attivit\u00e0 di presa in carico della persona. Relativamente alla disabilit\u00e0, ed in linea con gli anni passati solo per l\u2019anno scolastico 2025-26 abbiamo stanziato in totale quasi 62milioni di euro per interventi mirati all\u2019assistenza specialistica, all\u2019assistenza alla disabilit\u00e0 sensoriale dell\u2019udito, a trasferimenti per la CAA (Comunicazione aumentativa alternativa) e per l\u2019assistenza alla disabilit\u00e0 sensoriale della vista. Stiamo portando a termine l\u2019attuazione del Piano di potenziamento dei Centri per l\u2019impiego. Un progetto ambizioso, che prevede uno stanziamento totale di circa 86 milioni di euro, con cui si procede a ridefinire, rafforzandole, le linee di sviluppo dei servizi pubblici e a riprogrammare la distribuzione territoriale delle sedi raddoppiando il numero attuale dei CpI e degli Uffici Locali, prevedendo nuove aperture volte a garantire la prossimit\u00e0 dei servizi per il lavoro, a cittadini e imprese. A seguito degli aggiornamenti e della riprogrammazione territoriale, sono state individuate 80 nuove sedi\u00bb.<\/p>\n<p>\u00abCome assessorato abbiamo iniziato a lavorare a due proposte di legge che ritengo fondamentali nell\u2019ottica della sburocratizzazione e della semplificazione, il testo unico del lavoro ed il testo unico in materia urbanistica. Ho fatto solo alcuni esempi minimali rispetto all\u2019eccezionale lavoro svolto nella consapevolezza di aver svolto a pieno il ruolo affidato. Sono certo che il nuovo assessore sapr\u00e0 dare ulteriore slancio e forza all\u2019assessorato che ho avuto l\u2019onore di guidare all\u2019insegna della competenza e della passione\u00bb, conclude.<\/p>\n<div class=\"radio-posizionamento-telefono-in-articoli-dopo-il-contenuto-articolo radio-entity-placement\" id=\"radio-2886712971\"><div id=\"radio-3833321451\" style=\"width: 300px;height: 250px;\"><a href=\"https:\/\/www.icarspa.it\/auto\/usate\/latina\/\" aria-label=\"banner aprile icar new life &#8211; auto usate latina\"><img loading=\"lazy\" decoding=\"async\" src=\"https:\/\/www.radioluna.it\/news\/wp-content\/uploads\/2026\/02\/banner-aprile-icar-new-life-auto-usate-latina.gif\" alt=\"\"  width=\"300\" height=\"250\"   \/><\/a><\/div><\/div>","protected":false},"excerpt":{"rendered":"<p>Si \u00e8 dimesso da assessore regionale alla Scuola, al Lavoro e all&#8217;Urbanistica, Giuseppe Schiboni di FI, gi\u00e0 sindaco di San Felice Circeo, da subito nell&#8217;esecutivo del presidente Rocca. L&#8217;incarico cesser\u00e0 domani 13 marzo 2026.\u00a0 Lo annuncia lui stesso con una nota spiegandone le ragioni:\u00a0 \u00abSi \u00e8 conclusa in questi giorni una fase importante del mio [&hellip;]<\/p>\n","protected":false},"author":62,"featured_media":333890,"comment_status":"closed","ping_status":"open","sticky":false,"template":"","format":"standard","meta":{"footnotes":""},"categories":[8],"tags":[],"class_list":["post-424268","post","type-post","status-publish","format-standard","has-post-thumbnail","hentry","category-politica"],"_links":{"self":[{"href":"https:\/\/www.radioluna.it\/news\/wp-json\/wp\/v2\/posts\/424268","targetHints":{"allow":["GET"]}}],"collection":[{"href":"https:\/\/www.radioluna.it\/news\/wp-json\/wp\/v2\/posts"}],"about":[{"href":"https:\/\/www.radioluna.it\/news\/wp-json\/wp\/v2\/types\/post"}],"author":[{"embeddable":true,"href":"https:\/\/www.radioluna.it\/news\/wp-json\/wp\/v2\/users\/62"}],"replies":[{"embeddable":true,"href":"https:\/\/www.radioluna.it\/news\/wp-json\/wp\/v2\/comments?post=424268"}],"version-history":[{"count":2,"href":"https:\/\/www.radioluna.it\/news\/wp-json\/wp\/v2\/posts\/424268\/revisions"}],"predecessor-version":[{"id":424276,"href":"https:\/\/www.radioluna.it\/news\/wp-json\/wp\/v2\/posts\/424268\/revisions\/424276"}],"wp:featuredmedia":[{"embeddable":true,"href":"https:\/\/www.radioluna.it\/news\/wp-json\/wp\/v2\/media\/333890"}],"wp:attachment":[{"href":"https:\/\/www.radioluna.it\/news\/wp-json\/wp\/v2\/media?parent=424268"}],"wp:term":[{"taxonomy":"category","embeddable":true,"href":"https:\/\/www.radioluna.it\/news\/wp-json\/wp\/v2\/categories?post=424268"},{"taxonomy":"post_tag","embeddable":true,"href":"https:\/\/www.radioluna.it\/news\/wp-json\/wp\/v2\/tags?post=424268"}],"curies":[{"name":"wp","href":"https:\/\/api.w.org\/{rel}","templated":true}]}}