{"id":424307,"date":"2026-03-13T09:47:53","date_gmt":"2026-03-13T08:47:53","guid":{"rendered":"https:\/\/www.radioluna.it\/news\/?p=424307"},"modified":"2026-03-13T09:47:53","modified_gmt":"2026-03-13T08:47:53","slug":"rifiuti-a-cori-la-raccolta-differenziata-sfiora-l80","status":"publish","type":"post","link":"https:\/\/www.radioluna.it\/news\/2026\/03\/rifiuti-a-cori-la-raccolta-differenziata-sfiora-l80\/","title":{"rendered":"Rifiuti, a Cori la raccolta differenziata sfiora l&#8217;80%"},"content":{"rendered":"<div id=\"fb-root\"><\/div>\n<p style=\"text-align: justify;\" data-start=\"17\" data-end=\"187\">Cresce la raccolta differenziata a <span class=\"hover:entity-accent entity-underline inline cursor-pointer align-baseline\"><span class=\"whitespace-normal\">Cori<\/span><\/span>. Secondo i dati relativi a febbraio 2026, la percentuale ha raggiunto il 79,19%, sfiorando l\u201980%.\u00a0Un risultato che conferma il trend positivo del servizio dopo il 2024, anno in cui la differenziata si era comunque mantenuta sopra il 65%, attestandosi intorno al 67% e consentendo al Comune di ottenere il riconoscimento di <span class=\"hover:entity-accent entity-underline inline cursor-pointer align-baseline\"><span class=\"whitespace-normal\">Comune Riciclone<\/span><\/span>.<\/p>\n<p style=\"text-align: justify;\" data-start=\"454\" data-end=\"774\">In attesa del dato ufficiale complessivo per il 2025, l\u2019andamento dei primi mesi del 2026 viene giudicato molto positivo dall\u2019amministrazione comunale, che punta a mantenere livelli elevati per tutto l\u2019anno grazie alla collaborazione tra cittadini, Comune e il gestore del servizio <span class=\"hover:entity-accent entity-underline inline cursor-pointer align-baseline\"><span class=\"whitespace-normal\">Lavorgna S.r.l.\u00a0<\/span><\/span>Il risultato anticipa inoltre l\u2019introduzione della <span class=\"hover:entity-accent entity-underline inline cursor-pointer align-baseline\"><span class=\"whitespace-normal\">Tarip \u2013 Tariffa puntuale sui rifiuti<\/span><\/span>, prevista dal 2027. Il nuovo sistema si baser\u00e0 sul principio secondo cui la tariffa sar\u00e0 calcolata in relazione alla quantit\u00e0 di rifiuto indifferenziato prodotto, premiando i cittadini pi\u00f9 virtuosi e incentivando la riduzione dei rifiuti.<\/p>\n<p style=\"text-align: justify;\" data-start=\"1105\" data-end=\"1597\">\u00abRaggiungere quasi l\u201980% di raccolta differenziata rappresenta un risultato importante \u2013 dichiarano il sindaco <span class=\"hover:entity-accent entity-underline inline cursor-pointer align-baseline\"><span class=\"whitespace-normal\">Mauro Primio De Lillis<\/span><\/span> e l\u2019assessore all\u2019Ambiente <span class=\"hover:entity-accent entity-underline inline cursor-pointer align-baseline\"><span class=\"whitespace-normal\">Luca Zampi<\/span><\/span> \u2013 e per questo vogliamo ringraziare le cittadine e i cittadini di Cori e Giulianello, la societ\u00e0 che gestisce il servizio e gli operatori ecologici, insieme al lavoro degli ispettori ambientali volontari che affiancano la Polizia Locale nel contrasto all\u2019abbandono dei rifiuti\u00bb.<\/p>\n<p style=\"text-align: justify;\" data-start=\"1599\" data-end=\"1852\">Resta per\u00f2 il problema dell\u2019abbandono indiscriminato dei rifiuti, fenomeno che l\u2019amministrazione definisce ancora diffuso e che potr\u00e0 essere contrastato solo con un maggiore impegno collettivo e con azioni di sensibilizzazione rivolte alla cittadinanza.<\/p>\n","protected":false},"excerpt":{"rendered":"<p>Cresce la raccolta differenziata a Cori. Secondo i dati relativi a febbraio 2026, la percentuale ha raggiunto il 79,19%, sfiorando l\u201980%.\u00a0Un risultato che conferma il trend positivo del servizio dopo il 2024, anno in cui la differenziata si era comunque mantenuta sopra il 65%, attestandosi intorno al 67% e consentendo al Comune di ottenere il [&hellip;]<\/p>\n","protected":false},"author":5443,"featured_media":424309,"comment_status":"closed","ping_status":"open","sticky":false,"template":"","format":"standard","meta":{"footnotes":""},"categories":[735],"tags":[],"class_list":["post-424307","post","type-post","status-publish","format-standard","has-post-thumbnail","hentry","category-attualita"],"_links":{"self":[{"href":"https:\/\/www.radioluna.it\/news\/wp-json\/wp\/v2\/posts\/424307","targetHints":{"allow":["GET"]}}],"collection":[{"href":"https:\/\/www.radioluna.it\/news\/wp-json\/wp\/v2\/posts"}],"about":[{"href":"https:\/\/www.radioluna.it\/news\/wp-json\/wp\/v2\/types\/post"}],"author":[{"embeddable":true,"href":"https:\/\/www.radioluna.it\/news\/wp-json\/wp\/v2\/users\/5443"}],"replies":[{"embeddable":true,"href":"https:\/\/www.radioluna.it\/news\/wp-json\/wp\/v2\/comments?post=424307"}],"version-history":[{"count":1,"href":"https:\/\/www.radioluna.it\/news\/wp-json\/wp\/v2\/posts\/424307\/revisions"}],"predecessor-version":[{"id":424310,"href":"https:\/\/www.radioluna.it\/news\/wp-json\/wp\/v2\/posts\/424307\/revisions\/424310"}],"wp:featuredmedia":[{"embeddable":true,"href":"https:\/\/www.radioluna.it\/news\/wp-json\/wp\/v2\/media\/424309"}],"wp:attachment":[{"href":"https:\/\/www.radioluna.it\/news\/wp-json\/wp\/v2\/media?parent=424307"}],"wp:term":[{"taxonomy":"category","embeddable":true,"href":"https:\/\/www.radioluna.it\/news\/wp-json\/wp\/v2\/categories?post=424307"},{"taxonomy":"post_tag","embeddable":true,"href":"https:\/\/www.radioluna.it\/news\/wp-json\/wp\/v2\/tags?post=424307"}],"curies":[{"name":"wp","href":"https:\/\/api.w.org\/{rel}","templated":true}]}}