{"id":424312,"date":"2026-03-13T09:58:04","date_gmt":"2026-03-13T08:58:04","guid":{"rendered":"https:\/\/www.radioluna.it\/news\/?p=424312"},"modified":"2026-03-13T09:58:04","modified_gmt":"2026-03-13T08:58:04","slug":"terracina-conclusi-i-lavori-alla-biblioteca-olivetti","status":"publish","type":"post","link":"https:\/\/www.radioluna.it\/news\/2026\/03\/terracina-conclusi-i-lavori-alla-biblioteca-olivetti\/","title":{"rendered":"Terracina, conclusi i lavori alla Biblioteca Olivetti"},"content":{"rendered":"<div id=\"fb-root\"><\/div>\n<p style=\"text-align: justify;\" data-start=\"17\" data-end=\"334\">Conclusi i lavori alla <span class=\"hover:entity-accent entity-underline inline cursor-pointer align-baseline\"><span class=\"whitespace-normal\">Biblioteca Adriano Olivetti<\/span><\/span> di <span class=\"hover:entity-accent entity-underline inline cursor-pointer align-baseline\"><span class=\"whitespace-normal\">Terracina<\/span><\/span>. La struttura \u00e8 stata formalmente restituita al Settore Cultura e Beni culturali del Comune dopo il completamento degli interventi di recupero funzionale e il perfezionamento degli ultimi adempimenti amministrativi.<\/p>\n<p style=\"text-align: justify;\" data-start=\"336\" data-end=\"510\">Sono stati infatti approvati il SAL finale dei lavori e il certificato di regolare esecuzione relativi agli interventi principali e complementari realizzati nella biblioteca.<\/p>\n<p style=\"text-align: justify;\" data-start=\"512\" data-end=\"796\">Il progetto nasce dal finanziamento regionale ottenuto dal Comune nel maggio del 2022: 300 mila euro messi a disposizione dalla <span class=\"hover:entity-accent entity-underline inline cursor-pointer align-baseline\"><span class=\"whitespace-normal\">Regione Lazio<\/span><\/span> con un cofinanziamento comunale di 75 mila euro destinato al recupero e al miglioramento degli spazi della biblioteca.<\/p>\n<p style=\"text-align: justify;\" data-start=\"798\" data-end=\"1253\">L\u2019iter, spiegano dall\u2019amministrazione, \u00e8 stato particolarmente complesso. L\u2019intervento non era stato infatti inserito nel piano triennale delle opere pubbliche approvato nel maggio 2023 dal commissario straordinario e si \u00e8 resa necessaria una variazione del programma, promossa dall\u2019assessore <span class=\"hover:entity-accent entity-underline inline cursor-pointer align-baseline\"><span class=\"whitespace-normal\">Claudio De Felice<\/span><\/span> insieme al sindaco <span class=\"hover:entity-accent entity-underline inline cursor-pointer align-baseline\"><span class=\"whitespace-normal\">Francesco Giannetti<\/span><\/span> e all\u2019assessore alla Cultura <span class=\"hover:entity-accent entity-underline inline cursor-pointer align-baseline\"><span class=\"whitespace-normal\">Alessandra Feudi<\/span><\/span>.<\/p>\n<p style=\"text-align: justify;\" data-start=\"1255\" data-end=\"1456\">\u00c8 stato inoltre necessario rielaborare il quadro economico e gli elaborati progettuali per adeguarli al nuovo prezzario delle opere pubbliche e al nuovo codice dei contratti entrati in vigore nel 2023.<\/p>\n<p style=\"text-align: justify;\" data-start=\"1458\" data-end=\"1849\">\u00abUn altro passo completato e un risultato significativo per la comunit\u00e0 \u2013 ha dichiarato il vicesindaco e assessore alle Grandi opere Claudio De Felice \u2013. Ringrazio la responsabile unica del progetto, l\u2019architetto Imperia Di Girolamo, e la dirigente Luisa Arcese per il lavoro svolto. L\u2019assessore Feudi sta gi\u00e0 portando avanti le attivit\u00e0 necessarie per arrivare alla riapertura al pubblico\u00bb.<\/p>\n<p style=\"text-align: justify;\" data-start=\"1851\" data-end=\"2020\">Proprio l\u2019assessorato alla Cultura \u00e8 gi\u00e0 al lavoro per completare l\u2019allestimento degli spazi e ricollocare il patrimonio librario all\u2019interno della biblioteca rinnovata.<\/p>\n<p style=\"text-align: justify;\" data-start=\"2022\" data-end=\"2241\">\u00abStiamo preparando l\u2019arredo e la nuova organizzazione del materiale bibliografico \u2013 ha spiegato l\u2019assessore Alessandra Feudi \u2013 con l\u2019obiettivo di restituire ai cittadini un luogo di formazione, incontro e condivisione\u00bb.<\/p>\n<p style=\"text-align: justify;\" data-start=\"2243\" data-end=\"2531\">Soddisfazione anche da parte del sindaco Francesco Giannetti: \u00abRestituire la Biblioteca Olivetti alla citt\u00e0 \u00e8 sempre stato un obiettivo della nostra amministrazione, perch\u00e9 non si tratta soltanto di un edificio che torna a vivere, ma di uno spazio culturale fondamentale per la comunit\u00e0\u00bb.<\/p>\n","protected":false},"excerpt":{"rendered":"<p>Conclusi i lavori alla Biblioteca Adriano Olivetti di Terracina. La struttura \u00e8 stata formalmente restituita al Settore Cultura e Beni culturali del Comune dopo il completamento degli interventi di recupero funzionale e il perfezionamento degli ultimi adempimenti amministrativi. Sono stati infatti approvati il SAL finale dei lavori e il certificato di regolare esecuzione relativi agli [&hellip;]<\/p>\n","protected":false},"author":5443,"featured_media":424313,"comment_status":"closed","ping_status":"open","sticky":false,"template":"","format":"standard","meta":{"footnotes":""},"categories":[735],"tags":[],"class_list":["post-424312","post","type-post","status-publish","format-standard","has-post-thumbnail","hentry","category-attualita"],"_links":{"self":[{"href":"https:\/\/www.radioluna.it\/news\/wp-json\/wp\/v2\/posts\/424312","targetHints":{"allow":["GET"]}}],"collection":[{"href":"https:\/\/www.radioluna.it\/news\/wp-json\/wp\/v2\/posts"}],"about":[{"href":"https:\/\/www.radioluna.it\/news\/wp-json\/wp\/v2\/types\/post"}],"author":[{"embeddable":true,"href":"https:\/\/www.radioluna.it\/news\/wp-json\/wp\/v2\/users\/5443"}],"replies":[{"embeddable":true,"href":"https:\/\/www.radioluna.it\/news\/wp-json\/wp\/v2\/comments?post=424312"}],"version-history":[{"count":1,"href":"https:\/\/www.radioluna.it\/news\/wp-json\/wp\/v2\/posts\/424312\/revisions"}],"predecessor-version":[{"id":424315,"href":"https:\/\/www.radioluna.it\/news\/wp-json\/wp\/v2\/posts\/424312\/revisions\/424315"}],"wp:featuredmedia":[{"embeddable":true,"href":"https:\/\/www.radioluna.it\/news\/wp-json\/wp\/v2\/media\/424313"}],"wp:attachment":[{"href":"https:\/\/www.radioluna.it\/news\/wp-json\/wp\/v2\/media?parent=424312"}],"wp:term":[{"taxonomy":"category","embeddable":true,"href":"https:\/\/www.radioluna.it\/news\/wp-json\/wp\/v2\/categories?post=424312"},{"taxonomy":"post_tag","embeddable":true,"href":"https:\/\/www.radioluna.it\/news\/wp-json\/wp\/v2\/tags?post=424312"}],"curies":[{"name":"wp","href":"https:\/\/api.w.org\/{rel}","templated":true}]}}