{"id":424325,"date":"2026-03-13T12:16:30","date_gmt":"2026-03-13T11:16:30","guid":{"rendered":"https:\/\/www.radioluna.it\/news\/?p=424325"},"modified":"2026-03-13T14:45:46","modified_gmt":"2026-03-13T13:45:46","slug":"stagione-estiva-2026-il-comitato-centro-storico-chiede-le-verifiche-per-le-serate-con-musica","status":"publish","type":"post","link":"https:\/\/www.radioluna.it\/news\/2026\/03\/stagione-estiva-2026-il-comitato-centro-storico-chiede-le-verifiche-per-le-serate-con-musica\/","title":{"rendered":"Estate, troppo chiasso di notte a San Felice Circeo, il Comitato Centro Storico chiede controlli"},"content":{"rendered":"<div id=\"fb-root\"><\/div>\n<p>SAN FELICE CIRCEO &#8211; E\u2019 una lettera aperta quella che il\u00a0 Comitato Centro Storico Circeo ha inviato alla Sindaca Monia Di Cosimo per richiamare l\u2019attenzione sull\u2019organizzazione degli eventi musicali nel centro storico durante la stagione estiva. Il Comitato sottolinea la necessit\u00e0 di trovare un equilibrio tra animazione turistica, sicurezza e qualit\u00e0 della vita dei residenti, chiedendo per il futuro una programmazione pi\u00f9 compatibile con il contesto storico e residenziale del centro storico.<\/p>\n<p>Pur riconoscendo l\u2019importanza delle iniziative turistiche e dell\u2019animazione del territorio, il Comitato ritiene doveroso segnalare alcune criticit\u00e0 rilevanti che riguardano:<\/p>\n<ol>\n<li>Impatto acustico eccessivo<\/li>\n<li>Sicurezza e gestione delle emergenze.<\/li>\n<li>Compatibilit\u00e0 degli eventi con il contesto storico e residenziale<\/li>\n<\/ol>\n<p>Quindi prima del rilascio delle autorizzazioni il Comitato chiede di effettuare le opportune verifiche.<\/p>\n","protected":false},"excerpt":{"rendered":"<p>SAN FELICE CIRCEO &#8211; E\u2019 una lettera aperta quella che il\u00a0 Comitato Centro Storico Circeo ha inviato alla Sindaca Monia Di Cosimo per richiamare l\u2019attenzione sull\u2019organizzazione degli eventi musicali nel centro storico durante la stagione estiva. Il Comitato sottolinea la necessit\u00e0 di trovare un equilibrio tra animazione turistica, sicurezza e qualit\u00e0 della vita dei residenti, [&hellip;]<\/p>\n","protected":false},"author":5444,"featured_media":424326,"comment_status":"closed","ping_status":"open","sticky":false,"template":"","format":"standard","meta":{"footnotes":""},"categories":[735,2256,2428],"tags":[],"class_list":["post-424325","post","type-post","status-publish","format-standard","has-post-thumbnail","hentry","category-attualita","category-prima-pagina","category-primo-piano"],"_links":{"self":[{"href":"https:\/\/www.radioluna.it\/news\/wp-json\/wp\/v2\/posts\/424325","targetHints":{"allow":["GET"]}}],"collection":[{"href":"https:\/\/www.radioluna.it\/news\/wp-json\/wp\/v2\/posts"}],"about":[{"href":"https:\/\/www.radioluna.it\/news\/wp-json\/wp\/v2\/types\/post"}],"author":[{"embeddable":true,"href":"https:\/\/www.radioluna.it\/news\/wp-json\/wp\/v2\/users\/5444"}],"replies":[{"embeddable":true,"href":"https:\/\/www.radioluna.it\/news\/wp-json\/wp\/v2\/comments?post=424325"}],"version-history":[{"count":2,"href":"https:\/\/www.radioluna.it\/news\/wp-json\/wp\/v2\/posts\/424325\/revisions"}],"predecessor-version":[{"id":424346,"href":"https:\/\/www.radioluna.it\/news\/wp-json\/wp\/v2\/posts\/424325\/revisions\/424346"}],"wp:featuredmedia":[{"embeddable":true,"href":"https:\/\/www.radioluna.it\/news\/wp-json\/wp\/v2\/media\/424326"}],"wp:attachment":[{"href":"https:\/\/www.radioluna.it\/news\/wp-json\/wp\/v2\/media?parent=424325"}],"wp:term":[{"taxonomy":"category","embeddable":true,"href":"https:\/\/www.radioluna.it\/news\/wp-json\/wp\/v2\/categories?post=424325"},{"taxonomy":"post_tag","embeddable":true,"href":"https:\/\/www.radioluna.it\/news\/wp-json\/wp\/v2\/tags?post=424325"}],"curies":[{"name":"wp","href":"https:\/\/api.w.org\/{rel}","templated":true}]}}