{"id":424329,"date":"2026-03-13T12:45:26","date_gmt":"2026-03-13T11:45:26","guid":{"rendered":"https:\/\/www.radioluna.it\/news\/?p=424329"},"modified":"2026-03-13T13:03:36","modified_gmt":"2026-03-13T12:03:36","slug":"chi-sono-i-vincitori-di-viviamo-darte-festival-mino-randelli-e-francesco-fiorentini-uno-disegnatore-laltro-pasticcere-lintervista","status":"publish","type":"post","link":"https:\/\/www.radioluna.it\/news\/2026\/03\/chi-sono-i-vincitori-di-viviamo-darte-festival-mino-randelli-e-francesco-fiorentini-uno-disegnatore-laltro-pasticcere-lintervista\/","title":{"rendered":"Chi sono i vincitori di Viviamo d\u2019Arte Festival:\u00a0 Mino Randelli e Francesco Fiorentini, uno disegnatore, l&#8217;altro pasticcere. L&#8217;intervista\u00a0"},"content":{"rendered":"<div id=\"fb-root\"><\/div>\n<p>LATINA &#8211; E&#8217; stata una\u00a0 performance originale e intensa quella che ha trionfato al Viviamo d&#8217;Arte Festival 2026: il canto e la pole dance. A conquistare il pubblico e la giuria sono stati Mino Randelli e Francesco Fiorentini, protagonisti di un\u2019esibizione che ha saputo sorprendere ed emozionare.<\/p>\n<p>Ospite ai microfoni di Radio Immagine, Mino Randelli ha raccontato l\u2019esperienza vissuta durante il festival, sottolineando quanto il percorso sia stato entusiasmante sin dalle prime audizioni.<\/p>\n<p>\u00ab\u00c8 stato un bellissimo percorso che ci ha dato grandi soddisfazioni \u2013 ha spiegato \u2013. Essendo della zona, \u00e8 stato ancora pi\u00f9 emozionante fare le audizioni al centro commerciale Latina Fiori, un luogo che conosciamo bene. Portare l\u00ec qualcosa di cos\u00ec artistico per noi \u00e8 stato motivo di grande orgoglio\u00bb. La serata finale ha rappresentato il culmine di un cammino intenso: \u00abLa finale \u00e8 stata una gioia immensa. L\u2019atmosfera in sala era incredibile ed \u00e8 stato il modo migliore per coronare tutto il percorso\u00bb.<\/p>\n<audio class=\"wp-audio-shortcode\" id=\"audio-424329-1\" preload=\"none\" style=\"width: 100%;\" controls=\"controls\"><source type=\"audio\/mpeg\" src=\"https:\/\/www.radioluna.it\/news\/wp-content\/uploads\/2026\/03\/RANDELLI_viviamodarte1.mp3?_=1\" \/><a href=\"https:\/\/www.radioluna.it\/news\/wp-content\/uploads\/2026\/03\/RANDELLI_viviamodarte1.mp3\">https:\/\/www.radioluna.it\/news\/wp-content\/uploads\/2026\/03\/RANDELLI_viviamodarte1.mp3<\/a><\/audio>\n<p>Nonostante la vittoria, per entrambi l\u2019arte resta una grande passione da coltivare parallelamente al lavoro quotidiano. Mino, infatti, nella vita \u00e8 disegnatore, mentre Francesco \u00e8 pasticcere. Due professioni lontane dal palcoscenico, ma unite da una forte passione artistica che li ha portati a collaborare.<\/p>\n<p>\u00abSul palco \u00e8 stata la prima volta insieme \u2013 racconta Randelli \u2013 ma era un\u2019idea che avevamo da tempo. Il festival \u00e8 stata l\u2019occasione giusta per realizzarla. Fortunatamente \u00e8 piaciuta molto anche al pubblico\u00bb.<\/p>\n<p>Il duo nasce dall\u2019unione di competenze diverse: Mino studia canto da anni, mentre Francesco pratica pole dance da molto tempo e ha iniziato recentemente anche a insegnarla. Una disciplina spesso associata principalmente al mondo femminile, ma che in realt\u00e0 richiede grande preparazione atletica e pu\u00f2 essere praticata da chiunque.<\/p>\n<p>La partecipazione al festival \u00e8 nata soprattutto dal desiderio di vivere un\u2019esperienza artistica importante, anche se la determinazione non \u00e8 mai mancata: \u00abAbbiamo partecipato per il gusto di fare un\u2019esperienza, ma quando facciamo qualcosa cerchiamo sempre di metterci impegno e passione. Arrivare in finale era un obiettivo che avevamo comunque in mente\u00bb.<\/p>\n<p>Entrambi trentatreenni, Randelli e Fiorentini dimostrano una maturit\u00e0 artistica gi\u00e0 evidente. Il futuro? Continuare a formarsi e crescere. Francesco proseguir\u00e0 nel suo percorso di insegnamento della pole dance, mentre Mino continuer\u00e0 a studiare canto e performance.<\/p>\n<audio class=\"wp-audio-shortcode\" id=\"audio-424329-2\" preload=\"none\" style=\"width: 100%;\" controls=\"controls\"><source type=\"audio\/mpeg\" src=\"https:\/\/www.radioluna.it\/news\/wp-content\/uploads\/2026\/03\/RANDELLI_viviamodarte2.mp3?_=2\" \/><a href=\"https:\/\/www.radioluna.it\/news\/wp-content\/uploads\/2026\/03\/RANDELLI_viviamodarte2.mp3\">https:\/\/www.radioluna.it\/news\/wp-content\/uploads\/2026\/03\/RANDELLI_viviamodarte2.mp3<\/a><\/audio>\n<p>E chiss\u00e0 che questa vittoria al Viviamo d\u2019Arte Festival non sia solo l\u2019inizio di nuove collaborazioni artistiche: \u00abSicuramente continueremo a formarci e magari in futuro riusciremo a fare ancora qualcosa insieme\u00bb.<\/p>\n<p>Una vittoria che racconta come passione, impegno e creativit\u00e0 possano trasformare un\u2019idea in uno spettacolo capace di conquistare pubblico e giuria.<\/p>\n<p>&nbsp;<\/p>\n<p>&nbsp;<\/p>\n<p>&nbsp;<\/p>\n","protected":false},"excerpt":{"rendered":"<p>LATINA &#8211; E&#8217; stata una\u00a0 performance originale e intensa quella che ha trionfato al Viviamo d&#8217;Arte Festival 2026: il canto e la pole dance. A conquistare il pubblico e la giuria sono stati Mino Randelli e Francesco Fiorentini, protagonisti di un\u2019esibizione che ha saputo sorprendere ed emozionare. Ospite ai microfoni di Radio Immagine, Mino Randelli [&hellip;]<\/p>\n","protected":false},"author":5444,"featured_media":424330,"comment_status":"closed","ping_status":"open","sticky":false,"template":"","format":"standard","meta":{"footnotes":""},"categories":[2310,734,2256],"tags":[],"class_list":["post-424329","post","type-post","status-publish","format-standard","has-post-thumbnail","hentry","category-audio","category-evidenza","category-prima-pagina"],"_links":{"self":[{"href":"https:\/\/www.radioluna.it\/news\/wp-json\/wp\/v2\/posts\/424329","targetHints":{"allow":["GET"]}}],"collection":[{"href":"https:\/\/www.radioluna.it\/news\/wp-json\/wp\/v2\/posts"}],"about":[{"href":"https:\/\/www.radioluna.it\/news\/wp-json\/wp\/v2\/types\/post"}],"author":[{"embeddable":true,"href":"https:\/\/www.radioluna.it\/news\/wp-json\/wp\/v2\/users\/5444"}],"replies":[{"embeddable":true,"href":"https:\/\/www.radioluna.it\/news\/wp-json\/wp\/v2\/comments?post=424329"}],"version-history":[{"count":1,"href":"https:\/\/www.radioluna.it\/news\/wp-json\/wp\/v2\/posts\/424329\/revisions"}],"predecessor-version":[{"id":424333,"href":"https:\/\/www.radioluna.it\/news\/wp-json\/wp\/v2\/posts\/424329\/revisions\/424333"}],"wp:featuredmedia":[{"embeddable":true,"href":"https:\/\/www.radioluna.it\/news\/wp-json\/wp\/v2\/media\/424330"}],"wp:attachment":[{"href":"https:\/\/www.radioluna.it\/news\/wp-json\/wp\/v2\/media?parent=424329"}],"wp:term":[{"taxonomy":"category","embeddable":true,"href":"https:\/\/www.radioluna.it\/news\/wp-json\/wp\/v2\/categories?post=424329"},{"taxonomy":"post_tag","embeddable":true,"href":"https:\/\/www.radioluna.it\/news\/wp-json\/wp\/v2\/tags?post=424329"}],"curies":[{"name":"wp","href":"https:\/\/api.w.org\/{rel}","templated":true}]}}