{"id":424341,"date":"2026-03-13T15:13:20","date_gmt":"2026-03-13T14:13:20","guid":{"rendered":"https:\/\/www.radioluna.it\/news\/?p=424341"},"modified":"2026-03-13T15:13:50","modified_gmt":"2026-03-13T14:13:50","slug":"ponte-mascarello-scelto-il-progetto-ristrutturazione-con-pista-ciclabile","status":"publish","type":"post","link":"https:\/\/www.radioluna.it\/news\/2026\/03\/ponte-mascarello-scelto-il-progetto-ristrutturazione-con-pista-ciclabile\/","title":{"rendered":"Ponte Mascarello, scelto il progetto: ristrutturazione con pista ciclabile"},"content":{"rendered":"<div id=\"fb-root\"><\/div>\n<p style=\"text-align: justify;\"><strong>LATINA<\/strong> &#8211; Buone notizie per l&#8217;iter che porter\u00e0 ai lavori sul Ponte Mascarello chiuso da otto ani circa.\u00a0 Nella commissione Lavori pubblici di questa mattina, presieduta dal consigliere Fausto Furlanetto, \u00e8 stata votata a maggioranza l\u2019ipotesi progettuale numero 1, che prevede la ristrutturazione del ponte con un aumento della capacit\u00e0 portante e la creazione di uno spazio di 1,5 metri su entrambi i lati, destinabile a pista ciclabile o marciapiede. Il progetto, del valore di 3,3 milioni di euro sar\u00e0 finanziato da Sogin come opera compensativa del decommissioning,\u00a0 e secondo i commissari &#8220;garantisce tempi di realizzazione pi\u00f9 brevi rispetto all\u2019altra opzione valutata , assicurando al contempo la sicurezza e il transito dei mezzi pesanti entro determinati limiti, a supporto anche delle finalit\u00e0 turistiche&#8221;.<\/p>\n<p style=\"text-align: justify;\">\u201cGrazie al lavoro degli uffici \u2013 ha affermato il vicesindaco Carnevale &#8211; con la collaborazione della Sogin e del Ministero dei Trasporti, siamo riusciti a riprendere l\u2019iter per dare risposte a un territorio importante come quello della Marina, e non solo, al fine di procedere con la ristrutturazione del Ponte Mascarello. Quanto approvato nella commissione presieduta da Fausto Furlanetto, che ringrazio, verr\u00e0 ratificato in Consiglio comunale in modo che, da quel momento in poi, scatteranno i due anni come da coronoprogramma per la fine dei lavori\u201d.<\/p>\n<p style=\"text-align: justify;\">\u201cEsprimo soddisfazione \u2013 ha affermato il presidente Furlanetto \u2013 per il risultato raggiunto cos\u00ec come previsto nel programma sindacale del sindaco Matilde Celentano e ringrazio l\u2019assessore Carnevale per le interlocuzioni avute con la Sogin e il Mit per la risoluzione definitiva del problema del ponte Mascarello, cos\u00ec come ringrazio la commissione tutta che dopo molteplici riunioni ha raggiunto l\u2019obiettivo prefissato votando a maggioranza l\u2019opzione numero 1. Dopo molti anni, finalmente, \u00e8 sta individuata la soluzione pi\u00f9 adeguata per mantenere una struttura storica del territorio, dando cos\u00ec continuit\u00e0 alla viabilit\u00e0 del lungomare pontino che collega Anzio e Nettuno con il nostro territorio\u201d.<\/p>\n<p style=\"text-align: justify;\">Erano presenti alla seduta l\u2019ingegnere capo centrale di Sogin Enrico Bastianini e l\u2019ingegnere Gianmarco Mura, i due progettisti, gli ingegneri Federico Pacetta e Federico Fratello, il vicesindaco e assessore ai Lavori pubblici, Massimiliano Carnevale, e la dirigente al ramo Angelica Vagnozzi.<\/p>\n<p style=\"text-align: justify;\">\n","protected":false},"excerpt":{"rendered":"<p>LATINA &#8211; Buone notizie per l&#8217;iter che porter\u00e0 ai lavori sul Ponte Mascarello chiuso da otto ani circa.\u00a0 Nella commissione Lavori pubblici di questa mattina, presieduta dal consigliere Fausto Furlanetto, \u00e8 stata votata a maggioranza l\u2019ipotesi progettuale numero 1, che prevede la ristrutturazione del ponte con un aumento della capacit\u00e0 portante e la creazione di [&hellip;]<\/p>\n","protected":false},"author":62,"featured_media":424343,"comment_status":"closed","ping_status":"open","sticky":false,"template":"","format":"standard","meta":{"footnotes":""},"categories":[735],"tags":[],"class_list":["post-424341","post","type-post","status-publish","format-standard","has-post-thumbnail","hentry","category-attualita"],"_links":{"self":[{"href":"https:\/\/www.radioluna.it\/news\/wp-json\/wp\/v2\/posts\/424341","targetHints":{"allow":["GET"]}}],"collection":[{"href":"https:\/\/www.radioluna.it\/news\/wp-json\/wp\/v2\/posts"}],"about":[{"href":"https:\/\/www.radioluna.it\/news\/wp-json\/wp\/v2\/types\/post"}],"author":[{"embeddable":true,"href":"https:\/\/www.radioluna.it\/news\/wp-json\/wp\/v2\/users\/62"}],"replies":[{"embeddable":true,"href":"https:\/\/www.radioluna.it\/news\/wp-json\/wp\/v2\/comments?post=424341"}],"version-history":[{"count":1,"href":"https:\/\/www.radioluna.it\/news\/wp-json\/wp\/v2\/posts\/424341\/revisions"}],"predecessor-version":[{"id":424345,"href":"https:\/\/www.radioluna.it\/news\/wp-json\/wp\/v2\/posts\/424341\/revisions\/424345"}],"wp:featuredmedia":[{"embeddable":true,"href":"https:\/\/www.radioluna.it\/news\/wp-json\/wp\/v2\/media\/424343"}],"wp:attachment":[{"href":"https:\/\/www.radioluna.it\/news\/wp-json\/wp\/v2\/media?parent=424341"}],"wp:term":[{"taxonomy":"category","embeddable":true,"href":"https:\/\/www.radioluna.it\/news\/wp-json\/wp\/v2\/categories?post=424341"},{"taxonomy":"post_tag","embeddable":true,"href":"https:\/\/www.radioluna.it\/news\/wp-json\/wp\/v2\/tags?post=424341"}],"curies":[{"name":"wp","href":"https:\/\/api.w.org\/{rel}","templated":true}]}}