{"id":424347,"date":"2026-03-13T15:04:08","date_gmt":"2026-03-13T14:04:08","guid":{"rendered":"https:\/\/www.radioluna.it\/news\/?p=424347"},"modified":"2026-03-13T15:05:56","modified_gmt":"2026-03-13T14:05:56","slug":"sabaudia-fi-noi-moderati-e-gruppo-misto-siamo-tutti-con-il-sindaco-mosca","status":"publish","type":"post","link":"https:\/\/www.radioluna.it\/news\/2026\/03\/sabaudia-fi-noi-moderati-e-gruppo-misto-siamo-tutti-con-il-sindaco-mosca\/","title":{"rendered":"Sabaudia, Fi, Noi Moderati e Gruppo Misto: &#8220;Siamo tutti con il sindaco Mosca&#8221;"},"content":{"rendered":"<div id=\"fb-root\"><\/div>\n<p style=\"text-align: justify;\"><strong>SABAUDIA<\/strong> &#8211; &#8220;I direttivi di Forza Italia, Noi moderati e Gruppo Misto continueranno a sostenere con decisione il sindaco Mosca per tenere compatta la Maggioranza&#8221;. La dichiarazione arriva dopo che le forze politiche che sostengono il primo cittadino hanno disertato il consiglio comunale nel quale doveva essere discussa la mozione di sfiducia presentata dalle opposizioni: &#8220;Non \u00e8 stata arroganza, non \u00e8 stato mancare di rispetto ai cittadini. \u00c8 stato un segnale chiaro. Abbassare i toni. Fare capire che Sabaudia merita amministratori concentrati sul lavoro&#8221;.<\/p>\n<p style=\"text-align: justify;\">I tre gruppi in consiglio comunale non negano le difficolt\u00e0, l&#8217;addio del consigliere Marco Mincarelli, passato all\u2019opposizione e la revoca dell&#8217;assessora Pia Schintu &#8220;ma\u00a0 si legge in una nota &#8211; la linea resta netta. Riorganizzarsi. Rafforzare la squadra. Andare avanti senza ambiguit\u00e0. A Sabaudia la citt\u00e0 deve continuare a guardare al futuro e l\u2019Amministrazione sta lavorando in questa direzione&#8221;.<\/p>\n<p style=\"text-align: justify;\">Elencando le cose fatte\u00a0 &#8211; &#8220;la riqualificazione, dopo oltre 20 anni, di Piazza Roma, che a breve sar\u00e0 inaugurata e restituita alla collettivit\u00e0, la proficua collaborazione instaurata con la Federazione Italiana Canoa e Kayak che, in una logica di rete territoriale, ha ottenuto lo svolgimento del campionato mondiale di ICF \u201cStand up paddle\u201d senza particolari oneri finanziari per l\u2019Ente locale e il recente ottenimento di un contributo di due milioni e trecento mila euro da parte del Ministero della Cultura per completare la riqualificazione strutturale dell\u2019ex cinema Augustus&#8221;, la maggioranza ribadisce che rester\u00e0 unita: &#8220;Siamo tutti con il sindaco Mosca. Uniti da un unico obiettivo, quello di terminare i progetti in corso d\u2019opera e avviare i mancanti in programma&#8221;.<\/p>\n","protected":false},"excerpt":{"rendered":"<p>SABAUDIA &#8211; &#8220;I direttivi di Forza Italia, Noi moderati e Gruppo Misto continueranno a sostenere con decisione il sindaco Mosca per tenere compatta la Maggioranza&#8221;. La dichiarazione arriva dopo che le forze politiche che sostengono il primo cittadino hanno disertato il consiglio comunale nel quale doveva essere discussa la mozione di sfiducia presentata dalle opposizioni: [&hellip;]<\/p>\n","protected":false},"author":62,"featured_media":370024,"comment_status":"closed","ping_status":"open","sticky":false,"template":"","format":"standard","meta":{"footnotes":""},"categories":[8],"tags":[],"class_list":["post-424347","post","type-post","status-publish","format-standard","has-post-thumbnail","hentry","category-politica"],"_links":{"self":[{"href":"https:\/\/www.radioluna.it\/news\/wp-json\/wp\/v2\/posts\/424347","targetHints":{"allow":["GET"]}}],"collection":[{"href":"https:\/\/www.radioluna.it\/news\/wp-json\/wp\/v2\/posts"}],"about":[{"href":"https:\/\/www.radioluna.it\/news\/wp-json\/wp\/v2\/types\/post"}],"author":[{"embeddable":true,"href":"https:\/\/www.radioluna.it\/news\/wp-json\/wp\/v2\/users\/62"}],"replies":[{"embeddable":true,"href":"https:\/\/www.radioluna.it\/news\/wp-json\/wp\/v2\/comments?post=424347"}],"version-history":[{"count":3,"href":"https:\/\/www.radioluna.it\/news\/wp-json\/wp\/v2\/posts\/424347\/revisions"}],"predecessor-version":[{"id":424350,"href":"https:\/\/www.radioluna.it\/news\/wp-json\/wp\/v2\/posts\/424347\/revisions\/424350"}],"wp:featuredmedia":[{"embeddable":true,"href":"https:\/\/www.radioluna.it\/news\/wp-json\/wp\/v2\/media\/370024"}],"wp:attachment":[{"href":"https:\/\/www.radioluna.it\/news\/wp-json\/wp\/v2\/media?parent=424347"}],"wp:term":[{"taxonomy":"category","embeddable":true,"href":"https:\/\/www.radioluna.it\/news\/wp-json\/wp\/v2\/categories?post=424347"},{"taxonomy":"post_tag","embeddable":true,"href":"https:\/\/www.radioluna.it\/news\/wp-json\/wp\/v2\/tags?post=424347"}],"curies":[{"name":"wp","href":"https:\/\/api.w.org\/{rel}","templated":true}]}}