{"id":424351,"date":"2026-03-13T15:12:27","date_gmt":"2026-03-13T14:12:27","guid":{"rendered":"https:\/\/www.radioluna.it\/news\/?p=424351"},"modified":"2026-03-13T15:12:27","modified_gmt":"2026-03-13T14:12:27","slug":"latina-in-provincia-istituito-il-tavolo-permanente-sulla-parita-di-genere","status":"publish","type":"post","link":"https:\/\/www.radioluna.it\/news\/2026\/03\/latina-in-provincia-istituito-il-tavolo-permanente-sulla-parita-di-genere\/","title":{"rendered":"Latina, in Provincia istituito il tavolo permanente sulla parit\u00e0 di genere"},"content":{"rendered":"<div id=\"fb-root\"><\/div>\n<p style=\"text-align: justify;\">LATINA &#8211; La Provincia di Latina ha istituito il Tavolo permanente provinciale sulla parit\u00e0 di genere, uno strumento di confronto stabile tra istituzioni, parti sociali e realt\u00e0 del territorio finalizzato alla promozione delle pari opportunit\u00e0 nel mondo del lavoro e al contrasto delle discriminazioni di genere.<\/p>\n<p style=\"text-align: justify;\">Il nuovo organismo rappresenter\u00e0 un luogo permanente di dialogo e co-progettazione, con funzioni di analisi, monitoraggio e proposta sulle dinamiche territoriali legate alla parit\u00e0 di genere nel lavoro. Tra le attivit\u00e0 previste rientrano l\u2019elaborazione di studi e pareri, la promozione di iniziative pubbliche, la valorizzazione delle risorse territoriali e il supporto alle attivit\u00e0 dell\u2019Ufficio della Consigliera di Parit\u00e0.<\/p>\n<p style=\"text-align: justify;\">&#8220;La parit\u00e0 di genere non \u00e8 soltanto un principio da affermare, ma un obiettivo da perseguire attraverso azioni condivise tra istituzioni, mondo del lavoro e societ\u00e0 civile. La Provincia vuole essere un punto di riferimento per promuovere politiche efficaci che favoriscano l\u2019uguaglianza di opportunit\u00e0 e valorizzino il contributo di tutte e tutti nello sviluppo economico e sociale del nostro territorio\u201d, ha dichiarato il Presidente della Provincia di Latina Gerardo Stefanelli.<\/p>\n<p style=\"text-align: justify;\">&#8220;L\u2019obiettivo\u00a0 &#8211; ha aggiunto Mul\u00e8 &#8211; \u00e8 mettere in comune competenze, esperienze e strumenti per individuare criticit\u00e0, prevenire discriminazioni e promuovere buone pratiche nel mondo del lavoro. Solo attraverso il confronto costante e la collaborazione tra istituzioni e societ\u00e0 civile possiamo costruire politiche realmente efficaci\u201d.<\/p>\n<p style=\"text-align: justify;\">La composizione del Tavolo include i soggetti pubblici operanti nel territorio provinciale, le associazioni di categoria legalmente riconosciute, gli ordini e collegi professionali, le associazioni datoriali e le organizzazioni sindacali pi\u00f9 rappresentative. Inoltre, attraverso un apposito Avviso pubblico, \u00e8 stata avviata una ricognizione delle associazioni, degli enti del terzo settore e dei soggetti privati interessati a contribuire alle attivit\u00e0 del Tavolo.<\/p>\n<p style=\"text-align: justify;\">\n","protected":false},"excerpt":{"rendered":"<p>LATINA &#8211; La Provincia di Latina ha istituito il Tavolo permanente provinciale sulla parit\u00e0 di genere, uno strumento di confronto stabile tra istituzioni, parti sociali e realt\u00e0 del territorio finalizzato alla promozione delle pari opportunit\u00e0 nel mondo del lavoro e al contrasto delle discriminazioni di genere. Il nuovo organismo rappresenter\u00e0 un luogo permanente di dialogo [&hellip;]<\/p>\n","protected":false},"author":62,"featured_media":424352,"comment_status":"closed","ping_status":"open","sticky":false,"template":"","format":"standard","meta":{"footnotes":""},"categories":[8],"tags":[],"class_list":["post-424351","post","type-post","status-publish","format-standard","has-post-thumbnail","hentry","category-politica"],"_links":{"self":[{"href":"https:\/\/www.radioluna.it\/news\/wp-json\/wp\/v2\/posts\/424351","targetHints":{"allow":["GET"]}}],"collection":[{"href":"https:\/\/www.radioluna.it\/news\/wp-json\/wp\/v2\/posts"}],"about":[{"href":"https:\/\/www.radioluna.it\/news\/wp-json\/wp\/v2\/types\/post"}],"author":[{"embeddable":true,"href":"https:\/\/www.radioluna.it\/news\/wp-json\/wp\/v2\/users\/62"}],"replies":[{"embeddable":true,"href":"https:\/\/www.radioluna.it\/news\/wp-json\/wp\/v2\/comments?post=424351"}],"version-history":[{"count":1,"href":"https:\/\/www.radioluna.it\/news\/wp-json\/wp\/v2\/posts\/424351\/revisions"}],"predecessor-version":[{"id":424353,"href":"https:\/\/www.radioluna.it\/news\/wp-json\/wp\/v2\/posts\/424351\/revisions\/424353"}],"wp:featuredmedia":[{"embeddable":true,"href":"https:\/\/www.radioluna.it\/news\/wp-json\/wp\/v2\/media\/424352"}],"wp:attachment":[{"href":"https:\/\/www.radioluna.it\/news\/wp-json\/wp\/v2\/media?parent=424351"}],"wp:term":[{"taxonomy":"category","embeddable":true,"href":"https:\/\/www.radioluna.it\/news\/wp-json\/wp\/v2\/categories?post=424351"},{"taxonomy":"post_tag","embeddable":true,"href":"https:\/\/www.radioluna.it\/news\/wp-json\/wp\/v2\/tags?post=424351"}],"curies":[{"name":"wp","href":"https:\/\/api.w.org\/{rel}","templated":true}]}}