{"id":424355,"date":"2026-03-13T17:00:28","date_gmt":"2026-03-13T16:00:28","guid":{"rendered":"https:\/\/www.radioluna.it\/news\/?p=424355"},"modified":"2026-03-13T17:00:28","modified_gmt":"2026-03-13T16:00:28","slug":"riapre-lunedi-16-marzo-la-radiologia-di-cisterna","status":"publish","type":"post","link":"https:\/\/www.radioluna.it\/news\/2026\/03\/riapre-lunedi-16-marzo-la-radiologia-di-cisterna\/","title":{"rendered":"Riapre luned\u00ec 16 marzo la Radiologia di Cisterna"},"content":{"rendered":"<div id=\"fb-root\"><\/div>\n<p style=\"text-align: justify;\"><strong>LATINA &#8211; <\/strong>Riapre luned\u00ec 16 marzo la Radiologia di Cisterna all\u2019interno del Poliambulatorio di Via Monti Lepini. La struttura \u00e8 stata dotata di un nuovo apparecchio radiologico di ultima generazione. L&#8217;adeguamento tecnologico, unito ad una riqualificazione degli ambienti, \u00e8 stato realizzato con un finanziamento PNRR di 190.000 euro. \u201cUn altro rilevante progresso per essere sempre pi\u00f9 vicini agli utenti e fornire risposte celeri ed efficienti nella presa in carico e nell\u2019assistenza, in tutto il territorio provinciale. Un obiettivo strategico perseguito con risultati concreti e tangibili che stanno migliorando costantemente la qualit\u00e0 dell\u2019offerta sanitaria\u201d, ha dichiarato la Direttrice Generale della Asl di Latina, Sabrina Cenciarelli.<\/p>\n<p>L&#8217;apparecchiatura \u00e8 caratterizzata da elevata flessibilit\u00e0 di movimento e da un sistema completamente computerizzato, che consente una gestione efficiente degli esami e un&#8217;elevata qualit\u00e0 delle immagini diagnostiche.<\/p>\n<p>Il servizio sar\u00e0 aperto dal luned\u00ec al venerd\u00ec dalle ore 8 alle 13.30.<\/p>\n<p>&nbsp;<\/p>\n","protected":false},"excerpt":{"rendered":"<p>LATINA &#8211; Riapre luned\u00ec 16 marzo la Radiologia di Cisterna all\u2019interno del Poliambulatorio di Via Monti Lepini. La struttura \u00e8 stata dotata di un nuovo apparecchio radiologico di ultima generazione. L&#8217;adeguamento tecnologico, unito ad una riqualificazione degli ambienti, \u00e8 stato realizzato con un finanziamento PNRR di 190.000 euro. \u201cUn altro rilevante progresso per essere sempre [&hellip;]<\/p>\n","protected":false},"author":62,"featured_media":424356,"comment_status":"closed","ping_status":"open","sticky":false,"template":"","format":"standard","meta":{"footnotes":""},"categories":[2616],"tags":[],"class_list":["post-424355","post","type-post","status-publish","format-standard","has-post-thumbnail","hentry","category-sanita"],"_links":{"self":[{"href":"https:\/\/www.radioluna.it\/news\/wp-json\/wp\/v2\/posts\/424355","targetHints":{"allow":["GET"]}}],"collection":[{"href":"https:\/\/www.radioluna.it\/news\/wp-json\/wp\/v2\/posts"}],"about":[{"href":"https:\/\/www.radioluna.it\/news\/wp-json\/wp\/v2\/types\/post"}],"author":[{"embeddable":true,"href":"https:\/\/www.radioluna.it\/news\/wp-json\/wp\/v2\/users\/62"}],"replies":[{"embeddable":true,"href":"https:\/\/www.radioluna.it\/news\/wp-json\/wp\/v2\/comments?post=424355"}],"version-history":[{"count":1,"href":"https:\/\/www.radioluna.it\/news\/wp-json\/wp\/v2\/posts\/424355\/revisions"}],"predecessor-version":[{"id":424357,"href":"https:\/\/www.radioluna.it\/news\/wp-json\/wp\/v2\/posts\/424355\/revisions\/424357"}],"wp:featuredmedia":[{"embeddable":true,"href":"https:\/\/www.radioluna.it\/news\/wp-json\/wp\/v2\/media\/424356"}],"wp:attachment":[{"href":"https:\/\/www.radioluna.it\/news\/wp-json\/wp\/v2\/media?parent=424355"}],"wp:term":[{"taxonomy":"category","embeddable":true,"href":"https:\/\/www.radioluna.it\/news\/wp-json\/wp\/v2\/categories?post=424355"},{"taxonomy":"post_tag","embeddable":true,"href":"https:\/\/www.radioluna.it\/news\/wp-json\/wp\/v2\/tags?post=424355"}],"curies":[{"name":"wp","href":"https:\/\/api.w.org\/{rel}","templated":true}]}}