{"id":424361,"date":"2026-03-13T17:50:28","date_gmt":"2026-03-13T16:50:28","guid":{"rendered":"https:\/\/www.radioluna.it\/news\/?p=424361"},"modified":"2026-03-13T17:52:11","modified_gmt":"2026-03-13T16:52:11","slug":"regione-lazio-passaggio-di-testimone-alessandro-calvi-nominato-assessore-al-posto-di-schiboni","status":"publish","type":"post","link":"https:\/\/www.radioluna.it\/news\/2026\/03\/regione-lazio-passaggio-di-testimone-alessandro-calvi-nominato-assessore-al-posto-di-schiboni\/","title":{"rendered":"Regione Lazio, passaggio di testimone: Alessandro Calvi nominato assessore al posto di Schiboni"},"content":{"rendered":"<div id=\"fb-root\"><\/div>\n<p style=\"text-align: justify;\"><strong>LATINA &#8211; <\/strong>Il presidente della Regione Lazio, Francesco Rocca, ha firmato il decreto di nomina di Alessandro Calvi come nuovo assessore della giunta regionale. Calvi subentra al dimissionario Giuseppe Schiboni nelle deleghe al Lavoro, Scuola, Formazione, Ricerca, Merito e Urbanistica. Nel corso dell\u2019incontro per il rituale passaggio di consegne, il presidente Rocca ha ricevuto Calvi e Schiboni nel suo ufficio, augurando al neo assessore buon lavoro e formulando i pi\u00f9 sinceri ringraziamenti a Schiboni per l\u2019impegno profuso negli ultimi tre anni. Rocca ha inoltre espresso i migliori auguri a Schiboni per il suo nuovo e prestigioso ruolo nel consiglio di amministrazione dell\u2019Agenzia Nazionale per i Servizi Sanitari Regionali.<\/p>\n<p style=\"text-align: justify;\">\u00abRingrazio il presidente della Regione Lazio, Francesco Rocca, il coordinatore regionale di Forza Italia, Claudio Fazzone e tutto il partito, per la fiducia che mi \u00e8 stata accordata. Ho accettato il ruolo di assessore regionale del Lazio al Lavoro, alla Scuola, alla Formazione, alla Ricerca, al Merito e Urbanistica conscio dell\u2019impegno che impone e con la ferma volont\u00e0 di dare risposte alle nostre comunit\u00e0 all\u2019insegna del pragmatismo e dell\u2019ascolto. Ricevo un\u2019eredit\u00e0 importante e ringrazio l\u2019ex assessore, Giuseppe Schiboni, per il grande lavoro svolto. Svolger\u00f2 questo incarico con seriet\u00e0, senso delle istituzioni e massima dedizione, consapevole della responsabilit\u00e0 che comporta. Abbiamo tante sfide di fronte ma soprattutto abbiamo la determinazione ad affrontarle e a vincerle\u00bb, ha dichiarato il neo assessore regionale del Lazio al Lavoro, alla Scuola, alla Formazione, alla Ricerca, al Merito e Urbanistica, Alessandro Calvi.<\/p>\n<p style=\"text-align: justify;\">L&#8217;ex assessore ha augurato al successore &#8220;i migliori auguri di buon lavoro&#8221;, sottolineandone l&#8217;esperienza e le capacit\u00e0.<\/p>\n<p style=\"text-align: justify;\">\u201cA nome di tutta Forza Italia, comunale e provinciale, formuliamo al nuovo assessore della giunta regionale del Lazio, Alessandro Calvi, i migliori auguri di buon lavoro ed i complimenti per il prestigioso incarico ricevuto. Contestualmente ringraziamo l\u2019assessore uscente Giuseppe Schiboni per il grande lavoro svolto con la seriet\u00e0 e l\u2019impegno che gli sono propri. La provincia di Latina ha mantenuto un rappresentante nella giunta regionale all\u2019insegna della continuit\u00e0. Il curriculum di Alessandro Calvi non ha bisogno di presentazioni. Ha maturato esperienze di spicco in campo politico ed amministrativo. E\u2019 stato assessore al bilancio e al commercio, oltre che pi\u00f9 volte consigliere comunale del Comune di Latina ed ha ricoperto il ruolo di coordinatore provinciale di Forza Italia sul nostro territorio. Siamo certi sapr\u00e0 coniugare questa esperienza in seno alla giunta regionale del Lazio dando alle nostre comunit\u00e0 le risposte che meritano in settori chiave quali il lavoro, la scuola, la formazione, e l\u2019urbanistica\u201d, \u00a0dichiarano in una nota congiunta il coordinatore provinciale di Forza Italia Latina, Giuseppe Di Rubbo e il coordinatore comunale di Latina, Stefano Cardillo<\/p>\n","protected":false},"excerpt":{"rendered":"<p>LATINA &#8211; Il presidente della Regione Lazio, Francesco Rocca, ha firmato il decreto di nomina di Alessandro Calvi come nuovo assessore della giunta regionale. Calvi subentra al dimissionario Giuseppe Schiboni nelle deleghe al Lavoro, Scuola, Formazione, Ricerca, Merito e Urbanistica. Nel corso dell\u2019incontro per il rituale passaggio di consegne, il presidente Rocca ha ricevuto Calvi [&hellip;]<\/p>\n","protected":false},"author":62,"featured_media":424363,"comment_status":"closed","ping_status":"open","sticky":false,"template":"","format":"standard","meta":{"footnotes":""},"categories":[2256,2428],"tags":[5738],"class_list":["post-424361","post","type-post","status-publish","format-standard","has-post-thumbnail","hentry","category-prima-pagina","category-primo-piano","tag-in-primo-piano"],"_links":{"self":[{"href":"https:\/\/www.radioluna.it\/news\/wp-json\/wp\/v2\/posts\/424361","targetHints":{"allow":["GET"]}}],"collection":[{"href":"https:\/\/www.radioluna.it\/news\/wp-json\/wp\/v2\/posts"}],"about":[{"href":"https:\/\/www.radioluna.it\/news\/wp-json\/wp\/v2\/types\/post"}],"author":[{"embeddable":true,"href":"https:\/\/www.radioluna.it\/news\/wp-json\/wp\/v2\/users\/62"}],"replies":[{"embeddable":true,"href":"https:\/\/www.radioluna.it\/news\/wp-json\/wp\/v2\/comments?post=424361"}],"version-history":[{"count":2,"href":"https:\/\/www.radioluna.it\/news\/wp-json\/wp\/v2\/posts\/424361\/revisions"}],"predecessor-version":[{"id":424366,"href":"https:\/\/www.radioluna.it\/news\/wp-json\/wp\/v2\/posts\/424361\/revisions\/424366"}],"wp:featuredmedia":[{"embeddable":true,"href":"https:\/\/www.radioluna.it\/news\/wp-json\/wp\/v2\/media\/424363"}],"wp:attachment":[{"href":"https:\/\/www.radioluna.it\/news\/wp-json\/wp\/v2\/media?parent=424361"}],"wp:term":[{"taxonomy":"category","embeddable":true,"href":"https:\/\/www.radioluna.it\/news\/wp-json\/wp\/v2\/categories?post=424361"},{"taxonomy":"post_tag","embeddable":true,"href":"https:\/\/www.radioluna.it\/news\/wp-json\/wp\/v2\/tags?post=424361"}],"curies":[{"name":"wp","href":"https:\/\/api.w.org\/{rel}","templated":true}]}}