{"id":424394,"date":"2026-03-14T08:07:33","date_gmt":"2026-03-14T07:07:33","guid":{"rendered":"https:\/\/www.radioluna.it\/news\/?p=424394"},"modified":"2026-03-14T09:16:04","modified_gmt":"2026-03-14T08:16:04","slug":"aprilia-a-dicembre-brucio-lauto-di-un-pregiudicato-in-carcere-un-31enne","status":"publish","type":"post","link":"https:\/\/www.radioluna.it\/news\/2026\/03\/aprilia-a-dicembre-brucio-lauto-di-un-pregiudicato-in-carcere-un-31enne\/","title":{"rendered":"Aprilia, a dicembre bruci\u00f2 l&#8217;auto di un pregiudicato, in carcere un 31enne"},"content":{"rendered":"<div id=\"fb-root\"><\/div>\n<p style=\"text-align: justify;\"><strong>APRILIA<\/strong> &#8211; E&#8217; stato arrestato dagli agenti della Squadra Mobile di Latina e del Commissariato di P.S. di Aprilia, il 31enne romano accusato di aver dato alle fiamme, dopo averla cosparsa di benzina, l\u2019autovettura di un pregiudicato residente in via Ugo La Malfa, con l&#8217;intento di minacciarlo. L&#8217;azione era stata rapida: il giovane si era fermato a un distributore, aveva riempito una bottiglia di plastica di benzina, poi aveva raggiunto l&#8217;obiettivo , aveva cosparso l&#8217;auto di liquido infiammabile e aveva appiccato il rogo poi propagatosi a un&#8217;altra auto e al solaio di un appartamento dell&#8217;Ater al primo piano di una palazzina, quello in cui vive l&#8217;uomo bersaglio dell&#8217;intimidazione.<\/p>\n<p style=\"text-align: justify;\">I fatti risalgono al 14 dicembre scorso e le indagini sono state condotte dagli investigatori della Squadra Mobile di Latina, coordinati dalla Procura.\u00a0 Nel corso delle indagini, l\u2019indagato si sarebbe addirittura \u201cvantato\u201d delle sue gesta \u2013 un probabile atto di ritorsione per un\u2019aggressione subita. Si considerava l&#8217;ispiratore anche di altri recenti attentati incendiari avvenuti ad Aprilia.<\/p>\n<p style=\"text-align: justify;\">Nel corso dell\u2019interrogatorio preventivo, l\u2019indagato, pur ammettendo gli addebiti, ha riferito che la sua era stata una \u201cbravata\u201d, non avendo peraltro intenzione di colpire anche la struttura dell\u2019immobile, ma solo l\u2019autovettura della vittima. Motivazioni che, tuttavia, non hanno convinto il Giudice, che ne ha ravvisato la pericolosit\u00e0 sociale ed il conseguente concreto pericolo di recidiva. Dopo essere stato rintracciato nella citt\u00e0 di Aprilia, il trentenne, a cui stata anche contestata e riconosciuta la recidiva (posto che \u00e8 gi\u00e0 stato condannato in via definitiva per resistenza a pubblico ufficiale e lesioni personali) \u00e8 stato arrestato e condotto nel carcere di Latina.<\/p>\n<p style=\"text-align: justify;\">\n","protected":false},"excerpt":{"rendered":"<p>APRILIA &#8211; E&#8217; stato arrestato dagli agenti della Squadra Mobile di Latina e del Commissariato di P.S. di Aprilia, il 31enne romano accusato di aver dato alle fiamme, dopo averla cosparsa di benzina, l\u2019autovettura di un pregiudicato residente in via Ugo La Malfa, con l&#8217;intento di minacciarlo. L&#8217;azione era stata rapida: il giovane si era [&hellip;]<\/p>\n","protected":false},"author":62,"featured_media":385076,"comment_status":"closed","ping_status":"open","sticky":false,"template":"","format":"standard","meta":{"footnotes":""},"categories":[7,2256,2428],"tags":[5738],"class_list":["post-424394","post","type-post","status-publish","format-standard","has-post-thumbnail","hentry","category-cronaca","category-prima-pagina","category-primo-piano","tag-in-primo-piano"],"_links":{"self":[{"href":"https:\/\/www.radioluna.it\/news\/wp-json\/wp\/v2\/posts\/424394","targetHints":{"allow":["GET"]}}],"collection":[{"href":"https:\/\/www.radioluna.it\/news\/wp-json\/wp\/v2\/posts"}],"about":[{"href":"https:\/\/www.radioluna.it\/news\/wp-json\/wp\/v2\/types\/post"}],"author":[{"embeddable":true,"href":"https:\/\/www.radioluna.it\/news\/wp-json\/wp\/v2\/users\/62"}],"replies":[{"embeddable":true,"href":"https:\/\/www.radioluna.it\/news\/wp-json\/wp\/v2\/comments?post=424394"}],"version-history":[{"count":1,"href":"https:\/\/www.radioluna.it\/news\/wp-json\/wp\/v2\/posts\/424394\/revisions"}],"predecessor-version":[{"id":424395,"href":"https:\/\/www.radioluna.it\/news\/wp-json\/wp\/v2\/posts\/424394\/revisions\/424395"}],"wp:featuredmedia":[{"embeddable":true,"href":"https:\/\/www.radioluna.it\/news\/wp-json\/wp\/v2\/media\/385076"}],"wp:attachment":[{"href":"https:\/\/www.radioluna.it\/news\/wp-json\/wp\/v2\/media?parent=424394"}],"wp:term":[{"taxonomy":"category","embeddable":true,"href":"https:\/\/www.radioluna.it\/news\/wp-json\/wp\/v2\/categories?post=424394"},{"taxonomy":"post_tag","embeddable":true,"href":"https:\/\/www.radioluna.it\/news\/wp-json\/wp\/v2\/tags?post=424394"}],"curies":[{"name":"wp","href":"https:\/\/api.w.org\/{rel}","templated":true}]}}