{"id":424396,"date":"2026-03-14T08:19:51","date_gmt":"2026-03-14T07:19:51","guid":{"rendered":"https:\/\/www.radioluna.it\/news\/?p=424396"},"modified":"2026-03-14T08:19:51","modified_gmt":"2026-03-14T07:19:51","slug":"prossedi-protagonista-delle-giornate-fai-di-primavera","status":"publish","type":"post","link":"https:\/\/www.radioluna.it\/news\/2026\/03\/prossedi-protagonista-delle-giornate-fai-di-primavera\/","title":{"rendered":"Prossedi protagonista delle Giornate Fai di Primavera"},"content":{"rendered":"<div id=\"fb-root\"><\/div>\n<p style=\"text-align: justify;\"><strong>PROSSEDI<\/strong> \u2013 Il territorio di Prossedi sar\u00e0 protagonista delle Giornate FAI di Primavera del 21 e 22 marzo prossimi. Il borgo della provincia di Latina, al confine con quella di Frosinone, \u00e8 stato selezionato dalla delegazione di Latina del FAI, il Fondo Ambiente Italiano, per partecipare al pi\u00f9 importante evento nazionale dedicato alla valorizzazione del patrimonio culturale e paesaggistico. Per l\u2019occasione il paese aprir\u00e0 anche le porte di alcuni luoghi di particolare interesse storico e architettonico normalmente non accessibili al pubblico.<\/p>\n<p style=\"text-align: justify;\">L\u2019iniziativa \u00e8 stata presentata nel corso di una conferenza stampa che si \u00e8 svolta a Prossedi nell\u2019ex chiesa della Strammetta. All\u2019incontro sono intervenuti il sindaco Angelo Pincivero, il vicesindaco Danilo Torella e la capo delegazione FAI di Latina Gilda Iadicicco. La conferenza \u00e8 stata moderata dal giornalista Giuseppe Baratta alla presenza di Elena Lodovica Petrina, di Maurizio e Livia Morellini, discendenti dei marchesi Del Gallo, oltre che di altre decine di abitanti di Prossedi e dei paesi limitrofi.<\/p>\n<p style=\"text-align: justify;\">Le Giornate FAI di Primavera, oltre a Prossedi, coinvolgeranno quest\u2019anno circa 400 citt\u00e0 in tutta Italia e permetteranno di visitare 780 luoghi di storia, arte e natura, molti dei quali solitamente chiusi o poco conosciuti: un\u2019occasione per scoprire angoli nascosti del territorio e riscoprire borghi, palazzi storici, chiese e percorsi di grande valore culturale e paesaggistico.<\/p>\n<p style=\"text-align: justify;\">\u00abPer la sua posizione, sospeso a met\u00e0 tra la provincia di Latina e la Ciociaria, Prossedi da sempre rappresenta un punto di incontro tra territori e culture diverse. \u00c8 un luogo dove le comunit\u00e0 si incontrano e si riconoscono in tradizioni, storia e identit\u00e0 condivise. Per questo per noi \u00e8 motivo di grande soddisfazione far parte delle Giornate FAI di Primavera ed essere stati scelti per partecipare a un\u2019iniziativa di cos\u00ec grande prestigio a livello nazionale. Negli ultimi anni abbiamo lavorato molto per aprire il paese a un pubblico sempre pi\u00f9 ampio di visitatori, turisti e appassionati di cultura, tradizioni e gastronomia. Lo abbiamo fatto attraverso numerose iniziative organizzate con grande attenzione e cura, tra tutte Vicoli di Notte, che ogni anno in estate richiama migliaia di persone dalla provincia di Latina, dalla Ciociaria e dalla provincia di Roma. Per questo voglio ringraziare tutti quelli che hanno contribuito a questo percorso: i collaboratori dell\u2019amministrazione, le associazioni, i volontari e soprattutto i cittadini, che con grande ospitalit\u00e0 e con l\u2019amore per il proprio paese dimostrano ogni giorno quanto sia forte il legame con questa terra. Il nostro territorio custodisce autentici gioielli di storia, cultura e architettura non solo a Prossedi, ma anche nelle frazioni di Pisterzo e La Torre, luoghi ricchi di tradizioni e di una gastronomia che rappresenta un patrimonio altrettanto prezioso. Il riconoscimento del FAI, il Fondo Ambiente Italiano, premia il nostro territorio e i suoi cittadini e rappresenta anche uno stimolo a continuare nel lavoro di valorizzazione che stiamo portando avanti\u00bb, ha detto il sindaco Angelo Pincivero.<\/p>\n<p style=\"text-align: justify;\">\u00abL\u2019iniziativa si inserisce in un percorso pi\u00f9 ampio di promozione del territorio di Prossedi e del suo centro storico, avviato dal sindaco Angelo Pincivero gi\u00e0 nel suo primo mandato e portato avanti negli ultimi anni con continuit\u00e0. Ho avuto l\u2019onore e l\u2019onere di seguirne alcuni passaggi e la partecipazione alle Giornate FAI di Primavera rappresenta una conferma del valore del nostro borgo, riconosciuto anche con la Bandiera Arancione del Touring Club Italiano. In queste giornate il paese si far\u00e0 apprezzare per la cura e l\u2019attenzione che lo caratterizzano, merito soprattutto dei cittadini, e per i piccoli gioielli custoditi nel centro storico. Apriremo l\u2019ex chiesa della Strammetta, dove si trova la tomba del principe e della principessa di Prossedi, discendenti di Napoleone Bonaparte poi la chiesa romanica di San Nicola, perfettamente inserita nel tessuto del paese e la chiesa di Sant\u2019Agata, la principale del borgo, con le sue statue lignee e la particolare struttura a croce greca. Un\u2019occasione davvero speciale sar\u00e0 poi l\u2019apertura di alcune stanze del palazzo baronale della famiglia Del Gallo, normalmente non visitabili. \u00c8 un gesto significativo che consentir\u00e0 ai visitatori di scoprire da vicino un luogo importante della storia di Prossedi. Infine ci saranno i nostri Vicoli, tra i pi\u00f9 caratteristici del territorio: spazi che durante le manifestazioni estive si riempiono di persone e che anche in questa occasione offriranno ai visitatori scorci, giochi di luce e atmosfere uniche del nostro centro storico\u00bb, le parole di Danilo Torella, vice Sindaco di Prossedi.<\/p>\n<p style=\"text-align: justify;\">A spiegare perch\u00e9 \u00e8 stata scelta Prossedi, Gilda Iadicicco Capo Delegazione FAI di Latina: \u00abAbbiamo scelto Prossedi per le Giornate FAI di Primavera del 21 e 22 marzo dopo essere stati invitati dall\u2019amministrazione comunale a conoscere questo territorio. Durante la visita siamo rimasti davvero colpiti dalla bellezza del borgo, dalla sua posizione panoramica e dal centro storico ben conservato, dove convivono armoniosamente elementi medievali e architetture di epoche successive. Proprio questo \u00e8 il compito del FAI \u2013 Fondo Ambiente Italiano: far scoprire e valorizzare luoghi ancora poco conosciuti ma ricchi di storia, cultura e paesaggio. Prossedi rappresenta perfettamente questo spirito e siamo certi che i visitatori rimarranno affascinati da questo territorio.<\/p>\n<p>Tra le aperture previste ci sar\u00e0 anche una visita speciale all\u2019interno del Palazzo Baronale, che \u00e8 ancora una residenza privata e che per l\u2019occasione sar\u00e0 accessibile agli iscritti FAI. Per questo voglio ringraziare l\u2019amministrazione comunale di Prossedi per averci fatto conoscere questo luogo cos\u00ec affascinante e la famiglia proprietaria del palazzo per la disponibilit\u00e0 dimostrata nell\u2019aprire la propria dimora ai visitatori. Ad accogliere gli appassionati a Prossedi ci saranno 150 giovani ciceroni provenienti da alcuni istituti pontini: il Dante Alighieri, l\u2019Alessandro Manzoni e l\u2019Ettore Majorana di Latina oltre al Ramadu di Cisterna di Latina\u00bb.<\/p>\n<p>Angelo Pincivero (Sindaco di Prossedi)<\/p>\n<p><iframe loading=\"lazy\" title=\"Angelo Pincivero Fai2026\" width=\"740\" height=\"416\" src=\"https:\/\/www.youtube.com\/embed\/9Bu0_vpHunE?feature=oembed\" frameborder=\"0\" allow=\"accelerometer; autoplay; clipboard-write; encrypted-media; gyroscope; picture-in-picture; web-share\" referrerpolicy=\"strict-origin-when-cross-origin\" allowfullscreen><\/iframe><\/p>\n<p>&nbsp;<\/p>\n<p>&nbsp;<\/p>\n","protected":false},"excerpt":{"rendered":"<p>PROSSEDI \u2013 Il territorio di Prossedi sar\u00e0 protagonista delle Giornate FAI di Primavera del 21 e 22 marzo prossimi. Il borgo della provincia di Latina, al confine con quella di Frosinone, \u00e8 stato selezionato dalla delegazione di Latina del FAI, il Fondo Ambiente Italiano, per partecipare al pi\u00f9 importante evento nazionale dedicato alla valorizzazione del [&hellip;]<\/p>\n","protected":false},"author":60,"featured_media":424397,"comment_status":"closed","ping_status":"open","sticky":false,"template":"","format":"standard","meta":{"footnotes":""},"categories":[16,15,2312],"tags":[],"class_list":["post-424396","post","type-post","status-publish","format-standard","has-post-thumbnail","hentry","category-appuntamenti","category-cultura","category-video"],"_links":{"self":[{"href":"https:\/\/www.radioluna.it\/news\/wp-json\/wp\/v2\/posts\/424396","targetHints":{"allow":["GET"]}}],"collection":[{"href":"https:\/\/www.radioluna.it\/news\/wp-json\/wp\/v2\/posts"}],"about":[{"href":"https:\/\/www.radioluna.it\/news\/wp-json\/wp\/v2\/types\/post"}],"author":[{"embeddable":true,"href":"https:\/\/www.radioluna.it\/news\/wp-json\/wp\/v2\/users\/60"}],"replies":[{"embeddable":true,"href":"https:\/\/www.radioluna.it\/news\/wp-json\/wp\/v2\/comments?post=424396"}],"version-history":[{"count":1,"href":"https:\/\/www.radioluna.it\/news\/wp-json\/wp\/v2\/posts\/424396\/revisions"}],"predecessor-version":[{"id":424398,"href":"https:\/\/www.radioluna.it\/news\/wp-json\/wp\/v2\/posts\/424396\/revisions\/424398"}],"wp:featuredmedia":[{"embeddable":true,"href":"https:\/\/www.radioluna.it\/news\/wp-json\/wp\/v2\/media\/424397"}],"wp:attachment":[{"href":"https:\/\/www.radioluna.it\/news\/wp-json\/wp\/v2\/media?parent=424396"}],"wp:term":[{"taxonomy":"category","embeddable":true,"href":"https:\/\/www.radioluna.it\/news\/wp-json\/wp\/v2\/categories?post=424396"},{"taxonomy":"post_tag","embeddable":true,"href":"https:\/\/www.radioluna.it\/news\/wp-json\/wp\/v2\/tags?post=424396"}],"curies":[{"name":"wp","href":"https:\/\/api.w.org\/{rel}","templated":true}]}}