{"id":424407,"date":"2026-03-14T09:15:05","date_gmt":"2026-03-14T08:15:05","guid":{"rendered":"https:\/\/www.radioluna.it\/news\/?p=424407"},"modified":"2026-03-14T09:15:17","modified_gmt":"2026-03-14T08:15:17","slug":"disturbi-alimentari-a-latina-coloriamoci-di-lilla-due-giornate-dedicate","status":"publish","type":"post","link":"https:\/\/www.radioluna.it\/news\/2026\/03\/disturbi-alimentari-a-latina-coloriamoci-di-lilla-due-giornate-dedicate\/","title":{"rendered":"Disturbi alimentari, a Latina &#8220;Coloriamoci di Lilla&#8221;, due giornate dedicate"},"content":{"rendered":"<div id=\"fb-root\"><\/div>\n<p style=\"text-align: justify;\"><strong>LATINA<\/strong> &#8211; In occasione della Giornata Nazionale del Fiocchetto Lilla, dedicata alla sensibilizzazione sui disturbi della nutrizione e dell\u2019alimentazione, il 14 e 15 marzo la citt\u00e0 ospiter\u00e0 \u201cColoriamoci di Lilla\u201d, una serie di eventi diffusi sul territorio, pubblici e privati, rivolti alla cittadinanza con incontri, laboratori, mostre e attivit\u00e0 all\u2019aperto.<\/p>\n<p style=\"text-align: justify;\">Le iniziative sono realizzate con il patrocinio del Comune di Latina e con la collaborazione dei professionisti e delle associazioni del territorio.<\/p>\n<p style=\"text-align: justify;\">Alle attivit\u00e0 partecipano e collaborano: Chiara Bruschi, psicologa psicoterapeuta; Floriana Coletta, medico psichiatra; Vanessa Pacelli, biologa nutrizionista; Ofelia Panico, psicologa psicoterapeuta; Federica Pesce, biologa nutrizionista; Eriona Thartori, psicologa; Gloria Menichelli, danzaterapeuta e presidente ASD Nuvole di Gloria; Luana Santucci, allenatrice e presidente Enjoy ASD; Fabio D\u2019Achille, direttore artistico e curatore MAD \u2013 Museo d\u2019Arte Diffusa.<\/p>\n<p style=\"text-align: justify;\">Come segno simbolico di adesione alla campagna nazionale del Fiocchetto Lilla, dall\u20198 marzo la Torre Civica sar\u00e0 illuminata di lilla, colore simbolo della sensibilizzazione sui disturbi della nutrizione e dell\u2019alimentazione.<\/p>\n<p style=\"text-align: justify;\">I disturbi della nutrizione e dell\u2019alimentazione rappresentano una problematica sanitaria e sociale sempre pi\u00f9 diffusa, che coinvolge non solo chi ne soffre direttamente ma anche famiglie, scuole e comunit\u00e0. Attraverso incontri, attivit\u00e0 culturali e momenti di partecipazione collettiva, \u201cColoriamoci di Lilla\u201d vuole contribuire a rompere il silenzio intorno a queste patologie, promuovendo una cultura basata su prevenzione, ascolto e supporto.<\/p>\n<p style=\"text-align: justify;\">L\u2019invito a partecipare \u00e8 rivolto a tutta la cittadinanza.<\/p>\n<p style=\"text-align: justify;\">IL PROGRAMMA<\/p>\n<p style=\"text-align: justify;\"><strong>Sabato 14 marzo<\/strong><\/p>\n<p style=\"text-align: justify;\">Alle ore 16:00, presso Cortile San Marco \u2013 Info Point (Via Sisto V), si terr\u00e0 l\u2019incontro dedicato a ragazzi, genitori ed educatori dal titolo: \u201cCrescere in equilibrio: corpo, emozioni e cibo\u201d<\/p>\n<p style=\"text-align: justify;\">Interverranno Chiara Bruschi, psicologa psicoterapeuta, e Federica Pesce, biologa nutrizionista. L\u2019incontro sar\u00e0 un momento di confronto e informazione per comprendere meglio il rapporto tra crescita, emozioni e alimentazione.<\/p>\n<p style=\"text-align: justify;\">Alle ore 18:00 \u00e8 previsto un incontro pubblico con vernissage dal titolo:<\/p>\n<p style=\"text-align: justify;\">\u201cSperanza: l\u2019unica misura che conta\u201d<\/p>\n<p style=\"text-align: justify;\">L\u2019evento, curato da Ofelia Panico e Vanessa Pacelli, sar\u00e0 accompagnato dalla presentazione del progetto Marcello Scopelliti \u2013 \u201cExtra-ordinary Life\u201d.<\/p>\n<p style=\"text-align: justify;\">Nell\u2019ambito della serata sar\u00e0 inoltre inaugurata la mostra fotografica curata da Fabio D\u2019Achille, inserita nel circuito del MAD \u2013 Museo d\u2019Arte Diffusa.<\/p>\n<p style=\"text-align: justify;\"><strong>Domenica 15 marzo<\/strong><\/p>\n<p style=\"text-align: justify;\">La giornata della ricorrenza nazionale si aprir\u00e0 alle ore 10:00 con la \u201cLilla Walk\u201d, una camminata di sensibilizzazione aperta alla cittadinanza che partir\u00e0 dal Parco San Marco. La passeggiata rappresenter\u00e0 un momento di condivisione e riflessione collettiva su un tema di grande rilevanza sanitaria e sociale. Interverranno Luana Santucci, Floriana Coletta, Vanessa Pacelli, Ofelia Panico, Federica Pesce ed Eriona Thartori. \u00c8 prevista inoltre la partecipazione di un rappresentante dell\u2019Amministrazione Comunale all\u2019apertura della camminata, come segno di vicinanza istituzionale all\u2019iniziativa.<\/p>\n<p style=\"text-align: justify;\">Nel pomeriggio, alle ore 16:00, presso Nuvole di Gloria (Via Ferrucci 71), si terr\u00e0 il laboratorio esperienziale e mostra: \u201cQuanto pesano le emozioni?\u201d condotto da Gloria Menichelli, Federica Pesce ed Eriona Thartori.<\/p>\n<p style=\"text-align: justify;\">Durante l\u2019evento sar\u00e0 presentata anche la mostra di pittura \u201cL\u2019insostenibile leggerezza\u201d dell\u2019artista Vito Rubecco, con curatela di Fabio D\u2019Achille.<\/p>\n<p>La Lilla Walk gode inoltre del patrocinio del Comune di Latina.<\/p>\n","protected":false},"excerpt":{"rendered":"<p>LATINA &#8211; In occasione della Giornata Nazionale del Fiocchetto Lilla, dedicata alla sensibilizzazione sui disturbi della nutrizione e dell\u2019alimentazione, il 14 e 15 marzo la citt\u00e0 ospiter\u00e0 \u201cColoriamoci di Lilla\u201d, una serie di eventi diffusi sul territorio, pubblici e privati, rivolti alla cittadinanza con incontri, laboratori, mostre e attivit\u00e0 all\u2019aperto. Le iniziative sono realizzate con [&hellip;]<\/p>\n","protected":false},"author":62,"featured_media":424408,"comment_status":"closed","ping_status":"open","sticky":false,"template":"","format":"standard","meta":{"footnotes":""},"categories":[16],"tags":[],"class_list":["post-424407","post","type-post","status-publish","format-standard","has-post-thumbnail","hentry","category-appuntamenti"],"_links":{"self":[{"href":"https:\/\/www.radioluna.it\/news\/wp-json\/wp\/v2\/posts\/424407","targetHints":{"allow":["GET"]}}],"collection":[{"href":"https:\/\/www.radioluna.it\/news\/wp-json\/wp\/v2\/posts"}],"about":[{"href":"https:\/\/www.radioluna.it\/news\/wp-json\/wp\/v2\/types\/post"}],"author":[{"embeddable":true,"href":"https:\/\/www.radioluna.it\/news\/wp-json\/wp\/v2\/users\/62"}],"replies":[{"embeddable":true,"href":"https:\/\/www.radioluna.it\/news\/wp-json\/wp\/v2\/comments?post=424407"}],"version-history":[{"count":1,"href":"https:\/\/www.radioluna.it\/news\/wp-json\/wp\/v2\/posts\/424407\/revisions"}],"predecessor-version":[{"id":424409,"href":"https:\/\/www.radioluna.it\/news\/wp-json\/wp\/v2\/posts\/424407\/revisions\/424409"}],"wp:featuredmedia":[{"embeddable":true,"href":"https:\/\/www.radioluna.it\/news\/wp-json\/wp\/v2\/media\/424408"}],"wp:attachment":[{"href":"https:\/\/www.radioluna.it\/news\/wp-json\/wp\/v2\/media?parent=424407"}],"wp:term":[{"taxonomy":"category","embeddable":true,"href":"https:\/\/www.radioluna.it\/news\/wp-json\/wp\/v2\/categories?post=424407"},{"taxonomy":"post_tag","embeddable":true,"href":"https:\/\/www.radioluna.it\/news\/wp-json\/wp\/v2\/tags?post=424407"}],"curies":[{"name":"wp","href":"https:\/\/api.w.org\/{rel}","templated":true}]}}